{"id":132,"date":"2021-09-06T04:34:15","date_gmt":"2021-09-06T04:34:15","guid":{"rendered":"https:\/\/congresogro.gob.mx\/63\/inicio\/?p=132"},"modified":"2021-09-08T17:26:11","modified_gmt":"2021-09-08T17:26:11","slug":"programan-mesa-directiva-y-coordinadores-parlamentarios-la-proxima-sesion-ordinaria","status":"publish","type":"post","link":"https:\/\/congresogro.gob.mx\/63\/inicio\/2021\/09\/06\/programan-mesa-directiva-y-coordinadores-parlamentarios-la-proxima-sesion-ordinaria\/","title":{"rendered":"PROGRAMAN MESA DIRECTIVA Y COORDINADORES PARLAMENTARIOS LA PR\u00d3XIMA SESI\u00d3N ORDINARIA"},"content":{"rendered":"<p style=\"text-align: justify;\">La presidenta de la Mesa Directiva del Congreso del Estado, diputada Flor A\u00f1orve Ocampo, se reuni\u00f3 este lunes con los coordinadores de los distintos grupos parlamentarios y representaciones para definir el orden del d\u00eda al que se sujetar\u00e1 la sesi\u00f3n ordinaria programada para este martes.<\/p>\n<p style=\"text-align: justify;\">\nEn la sesi\u00f3n de trabajo estuvieron presentes el diputado Alfredo S\u00e1nchez Esquivel, coordinador de Morena; H\u00e9ctor Apreza Patr\u00f3n, del PRI; Raymundo Garc\u00eda Guti\u00e9rrez, del PRD; Leticia Mosso Hern\u00e1ndez por el PT, Ana Lenis Res\u00e9ndiz Javier por el PAN y Manuel Qui\u00f1\u00f3nez Cort\u00e9s por el PVEM.<\/p>\n","protected":false},"excerpt":{"rendered":"<p>La presidenta de la Mesa Directiva del Congreso del Estado, diputada Flor A\u00f1orve Ocampo, se reuni\u00f3 este lunes con los coordinadores de los distintos grupos parlamentarios y representaciones para definir el orden del d\u00eda al que se sujetar\u00e1 la sesi\u00f3n ordinaria programada para este martes. En la sesi\u00f3n de trabajo estuvieron presentes el diputado Alfredo&#8230;<\/p>\n","protected":false},"author":1,"featured_media":133,"comment_status":"closed","ping_status":"open","sticky":false,"template":"","format":"standard","meta":{"_monsterinsights_skip_tracking":false,"_monsterinsights_sitenote_active":false,"_monsterinsights_sitenote_note":"","_monsterinsights_sitenote_category":0,"footnotes":""},"categories":[3],"tags":[],"class_list":["post-132","post","type-post","status-publish","format-standard","has-post-thumbnail","hentry","category-boletin"],"aioseo_notices":[],"_links":{"self":[{"href":"https:\/\/congresogro.gob.mx\/63\/inicio\/wp-json\/wp\/v2\/posts\/132","targetHints":{"allow":["GET"]}}],"collection":[{"href":"https:\/\/congresogro.gob.mx\/63\/inicio\/wp-json\/wp\/v2\/posts"}],"about":[{"href":"https:\/\/congresogro.gob.mx\/63\/inicio\/wp-json\/wp\/v2\/types\/post"}],"author":[{"embeddable":true,"href":"https:\/\/congresogro.gob.mx\/63\/inicio\/wp-json\/wp\/v2\/users\/1"}],"replies":[{"embeddable":true,"href":"https:\/\/congresogro.gob.mx\/63\/inicio\/wp-json\/wp\/v2\/comments?post=132"}],"version-history":[{"count":1,"href":"https:\/\/congresogro.gob.mx\/63\/inicio\/wp-json\/wp\/v2\/posts\/132\/revisions"}],"predecessor-version":[{"id":134,"href":"https:\/\/congresogro.gob.mx\/63\/inicio\/wp-json\/wp\/v2\/posts\/132\/revisions\/134"}],"wp:featuredmedia":[{"embeddable":true,"href":"https:\/\/congresogro.gob.mx\/63\/inicio\/wp-json\/wp\/v2\/media\/133"}],"wp:attachment":[{"href":"https:\/\/congresogro.gob.mx\/63\/inicio\/wp-json\/wp\/v2\/media?parent=132"}],"wp:term":[{"taxonomy":"category","embeddable":true,"href":"https:\/\/congresogro.gob.mx\/63\/inicio\/wp-json\/wp\/v2\/categories?post=132"},{"taxonomy":"post_tag","embeddable":true,"href":"https:\/\/congresogro.gob.mx\/63\/inicio\/wp-json\/wp\/v2\/tags?post=132"}],"curies":[{"name":"wp","href":"https:\/\/api.w.org\/{rel}","templated":true}]}}