{"id":1318,"date":"2021-12-07T08:59:45","date_gmt":"2021-12-07T14:59:45","guid":{"rendered":"https:\/\/congresogro.gob.mx\/63\/inicio\/?p=1318"},"modified":"2021-12-08T09:07:17","modified_gmt":"2021-12-08T15:07:17","slug":"atienden-en-el-congreso-a-mineros-y-gambusinos","status":"publish","type":"post","link":"https:\/\/congresogro.gob.mx\/63\/inicio\/2021\/12\/07\/atienden-en-el-congreso-a-mineros-y-gambusinos\/","title":{"rendered":"ATIENDEN EN EL CONGRESO A MINEROS Y GAMBUSINOS"},"content":{"rendered":"<p style=\"text-align: justify;\">El diputado Alfredo S\u00e1nchez Esquivel, presidente de la Junta de Coordinaci\u00f3n Pol\u00edtica del Congreso del Estado, se reuni\u00f3 este martes con miembros de la Asociaci\u00f3n de Mineros Metalurgistas y Gambusinos del Estado de Guerrero, quienes solicitan su inclusi\u00f3n en el Consejo Estatal de Miner\u00eda y con ello poder acceder a los financiamientos que otorga el gobierno estatal a trav\u00e9s de la Secretar\u00eda de Econom\u00eda. El legislador se comprometi\u00f3 a llevar la petici\u00f3n ante los miembros de la Comisi\u00f3n de Miner\u00eda del Congreso, a efecto de coadyuvar en el procedimiento.<\/p>\n","protected":false},"excerpt":{"rendered":"<p>El diputado Alfredo S\u00e1nchez Esquivel, presidente de la Junta de Coordinaci\u00f3n Pol\u00edtica del Congreso del Estado, se reuni\u00f3 este martes con miembros de la Asociaci\u00f3n de Mineros Metalurgistas y Gambusinos del Estado de Guerrero, quienes solicitan su inclusi\u00f3n en el Consejo Estatal de Miner\u00eda y con ello poder acceder a los financiamientos que otorga el&#8230;<\/p>\n","protected":false},"author":1,"featured_media":1324,"comment_status":"closed","ping_status":"open","sticky":false,"template":"","format":"standard","meta":{"_monsterinsights_skip_tracking":false,"_monsterinsights_sitenote_active":false,"_monsterinsights_sitenote_note":"","_monsterinsights_sitenote_category":0,"footnotes":""},"categories":[4,3],"tags":[],"class_list":["post-1318","post","type-post","status-publish","format-standard","has-post-thumbnail","hentry","category-alfredo-sanchez-esquivel","category-boletin"],"aioseo_notices":[],"_links":{"self":[{"href":"https:\/\/congresogro.gob.mx\/63\/inicio\/wp-json\/wp\/v2\/posts\/1318","targetHints":{"allow":["GET"]}}],"collection":[{"href":"https:\/\/congresogro.gob.mx\/63\/inicio\/wp-json\/wp\/v2\/posts"}],"about":[{"href":"https:\/\/congresogro.gob.mx\/63\/inicio\/wp-json\/wp\/v2\/types\/post"}],"author":[{"embeddable":true,"href":"https:\/\/congresogro.gob.mx\/63\/inicio\/wp-json\/wp\/v2\/users\/1"}],"replies":[{"embeddable":true,"href":"https:\/\/congresogro.gob.mx\/63\/inicio\/wp-json\/wp\/v2\/comments?post=1318"}],"version-history":[{"count":1,"href":"https:\/\/congresogro.gob.mx\/63\/inicio\/wp-json\/wp\/v2\/posts\/1318\/revisions"}],"predecessor-version":[{"id":1320,"href":"https:\/\/congresogro.gob.mx\/63\/inicio\/wp-json\/wp\/v2\/posts\/1318\/revisions\/1320"}],"wp:featuredmedia":[{"embeddable":true,"href":"https:\/\/congresogro.gob.mx\/63\/inicio\/wp-json\/wp\/v2\/media\/1324"}],"wp:attachment":[{"href":"https:\/\/congresogro.gob.mx\/63\/inicio\/wp-json\/wp\/v2\/media?parent=1318"}],"wp:term":[{"taxonomy":"category","embeddable":true,"href":"https:\/\/congresogro.gob.mx\/63\/inicio\/wp-json\/wp\/v2\/categories?post=1318"},{"taxonomy":"post_tag","embeddable":true,"href":"https:\/\/congresogro.gob.mx\/63\/inicio\/wp-json\/wp\/v2\/tags?post=1318"}],"curies":[{"name":"wp","href":"https:\/\/api.w.org\/{rel}","templated":true}]}}