{"id":130,"date":"2021-09-05T04:32:41","date_gmt":"2021-09-05T04:32:41","guid":{"rendered":"https:\/\/congresogro.gob.mx\/63\/inicio\/?p=130"},"modified":"2021-09-08T17:26:11","modified_gmt":"2021-09-08T17:26:11","slug":"continua-abierta-la-convocatoria-para-proponer-candidatos-a-recipiendario-de-la-presea-sentimientos-de-la-nacion","status":"publish","type":"post","link":"https:\/\/congresogro.gob.mx\/63\/inicio\/2021\/09\/05\/continua-abierta-la-convocatoria-para-proponer-candidatos-a-recipiendario-de-la-presea-sentimientos-de-la-nacion\/","title":{"rendered":"CONTIN\u00daA ABIERTA LA CONVOCATORIA PARA PROPONER CANDIDATOS A RECIPIENDARIO DE LA PRESEA  \u201cSENTIMIENTOS DE LA NACI\u00d3N\u201d"},"content":{"rendered":"<p style=\"text-align: justify;\"><strong>Chilpancingo, Gro., 05 de septiembre de 2021.- <\/strong>El Congreso del Estado inform\u00f3 que sigue abierta la convocatoria a los poderes de la Federaci\u00f3n, de las entidades y de la Ciudad de M\u00e9xico, partidos y asociaciones pol\u00edticas, sindicatos, universidades, organizaciones civiles, colegios y agrupaciones de profesionistas, medios de comunicaci\u00f3n y a ciudadan\u00eda en general, para que presenten sus propuestas de candidatos a la Presea \u201cSentimientos de la Naci\u00f3n\u201d.<\/p>\n<p style=\"text-align: justify;\">Dicho galard\u00f3n lo entrega el Poder Legislativo el 13 de septiembre de cada a\u00f1o en sesi\u00f3n p\u00fablica y solemne en la Catedral de \u201cLa Asunci\u00f3n de Mar\u00eda\u201d, en Chilpancingo, con la asistencia de los Poderes Ejecutivo y Judicial y en conmemoraci\u00f3n de la Instalaci\u00f3n del Primer Congreso de An\u00e1huac.<\/p>\n<p style=\"text-align: justify;\">La medalla se otorga a personas nacionales o extranjeros cuyo trabajo, principios y conducta sean cercanos a los ideales del Primer Congreso de An\u00e1huac y de los \u00abSentimientos de la Naci\u00f3n\u00bb, como son la lucha por la paz, la democracia, la defensa de los derechos humanos y, en general, los m\u00e1s altos valores de la humanidad.<\/p>\n<p style=\"text-align: justify;\">El Congreso del Estado est\u00e1 recepcionando las propuestas en las oficinas de la Comisi\u00f3n Especial de la Presea \u00abSentimientos de la Naci\u00f3n\u00bb, en el edificio del Poder Legislativo, Boulevard Vicente Guerrero, Tr\u00e9bol Sur \u00abSentimientos de la Naci\u00f3n\u00bb S\/N, colonia Villa Moderna de Chilpancingo, en un horario de las 9 de la ma\u00f1ana a 3 de la tarde de lunes a viernes, y hasta el 8 de septiembre de este a\u00f1o.<\/p>\n<p style=\"text-align: justify;\">Las candidaturas deben ir acompa\u00f1adas de los datos biogr\u00e1ficos de la persona y una exposici\u00f3n detallada donde se funden y motiven las razones por las cuales se le considera merecedora de tan alta condecoraci\u00f3n, as\u00ed como el tel\u00e9fono, domicilio y otros datos donde puede ser localizada.<\/p>\n<p style=\"text-align: justify;\">Finalizado el plazo de recepci\u00f3n de propuestas, la Comisi\u00f3n Especial proceder\u00e1 a realizar el registro y previa discusi\u00f3n y an\u00e1lisis de los m\u00e9ritos de las y los ciudadanos propuestos, emitir\u00e1 el dictamen correspondiente para someterlo a la consideraci\u00f3n del Pleno, para su discusi\u00f3n y aprobaci\u00f3n, en su caso.<\/p>\n","protected":false},"excerpt":{"rendered":"<p>Chilpancingo, Gro., 05 de septiembre de 2021.- El Congreso del Estado inform\u00f3 que sigue abierta la convocatoria a los poderes de la Federaci\u00f3n, de las entidades y de la Ciudad de M\u00e9xico, partidos y asociaciones pol\u00edticas, sindicatos, universidades, organizaciones civiles, colegios y agrupaciones de profesionistas, medios de comunicaci\u00f3n y a ciudadan\u00eda en general, para que&#8230;<\/p>\n","protected":false},"author":1,"featured_media":18,"comment_status":"closed","ping_status":"open","sticky":false,"template":"","format":"standard","meta":{"_monsterinsights_skip_tracking":false,"_monsterinsights_sitenote_active":false,"_monsterinsights_sitenote_note":"","_monsterinsights_sitenote_category":0,"footnotes":""},"categories":[3],"tags":[],"class_list":["post-130","post","type-post","status-publish","format-standard","has-post-thumbnail","hentry","category-boletin"],"aioseo_notices":[],"_links":{"self":[{"href":"https:\/\/congresogro.gob.mx\/63\/inicio\/wp-json\/wp\/v2\/posts\/130","targetHints":{"allow":["GET"]}}],"collection":[{"href":"https:\/\/congresogro.gob.mx\/63\/inicio\/wp-json\/wp\/v2\/posts"}],"about":[{"href":"https:\/\/congresogro.gob.mx\/63\/inicio\/wp-json\/wp\/v2\/types\/post"}],"author":[{"embeddable":true,"href":"https:\/\/congresogro.gob.mx\/63\/inicio\/wp-json\/wp\/v2\/users\/1"}],"replies":[{"embeddable":true,"href":"https:\/\/congresogro.gob.mx\/63\/inicio\/wp-json\/wp\/v2\/comments?post=130"}],"version-history":[{"count":1,"href":"https:\/\/congresogro.gob.mx\/63\/inicio\/wp-json\/wp\/v2\/posts\/130\/revisions"}],"predecessor-version":[{"id":131,"href":"https:\/\/congresogro.gob.mx\/63\/inicio\/wp-json\/wp\/v2\/posts\/130\/revisions\/131"}],"wp:featuredmedia":[{"embeddable":true,"href":"https:\/\/congresogro.gob.mx\/63\/inicio\/wp-json\/wp\/v2\/media\/18"}],"wp:attachment":[{"href":"https:\/\/congresogro.gob.mx\/63\/inicio\/wp-json\/wp\/v2\/media?parent=130"}],"wp:term":[{"taxonomy":"category","embeddable":true,"href":"https:\/\/congresogro.gob.mx\/63\/inicio\/wp-json\/wp\/v2\/categories?post=130"},{"taxonomy":"post_tag","embeddable":true,"href":"https:\/\/congresogro.gob.mx\/63\/inicio\/wp-json\/wp\/v2\/tags?post=130"}],"curies":[{"name":"wp","href":"https:\/\/api.w.org\/{rel}","templated":true}]}}