{"id":1279,"date":"2021-12-03T08:51:16","date_gmt":"2021-12-03T14:51:16","guid":{"rendered":"https:\/\/congresogro.gob.mx\/63\/inicio\/?p=1279"},"modified":"2021-12-06T08:52:31","modified_gmt":"2021-12-06T14:52:31","slug":"presentan-en-el-congreso-el-libro-las-emociones-y-el-estres-me-llevaron-a-la-ceguera-3-alternativas-para-recuperar-la-vista","status":"publish","type":"post","link":"https:\/\/congresogro.gob.mx\/63\/inicio\/2021\/12\/03\/presentan-en-el-congreso-el-libro-las-emociones-y-el-estres-me-llevaron-a-la-ceguera-3-alternativas-para-recuperar-la-vista\/","title":{"rendered":"PRESENTAN EN EL CONGRESO EL LIBRO \u201cLAS EMOCIONES Y EL ESTR\u00c9S ME LLEVARON A LA CEGUERA, 3 ALTERNATIVAS PARA RECUPERAR LA VISTA\u201d"},"content":{"rendered":"<p style=\"text-align: justify;\"><strong>Chilpancingo, Gr<\/strong><strong>o., 03 de diciembre de 2021<\/strong>.- Este viernes en el Congreso del Estado se present\u00f3 el libro \u201cLas emociones y el estr\u00e9s me llevaron a la ceguera, 3 alternativas para recuperar la vista\u201d, de la autora Mayra X\u00f3chitl Ayala; evento promovido por el diputado Osbaldo R\u00edos Manrique con motivo del D\u00eda Internacional de las Personas con Discapacidad, este 3 de diciembre.<\/p>\n<p style=\"text-align: justify;\">En su intervenci\u00f3n, el legislador resalt\u00f3 la importancia de contar con emociones sanas, sobre todo cuando se pasa por momentos complicados \u201cque hay que aprender a sobrellevar\u201d, apunt\u00f3.<\/p>\n<p style=\"text-align: justify;\">Indic\u00f3 que estos eventos son necesarios porque coadyuvan a socializar los problemas de discapacidad, a efecto de entender mejor a las personas y brindarles atenci\u00f3n.<\/p>\n<p style=\"text-align: justify;\">Remarc\u00f3 que imprescindible allegarse de informaci\u00f3n como la que se maneja en esta obra para lograr entender las adversidades de las personas, y no incurrir, a veces sin desearlo, en actos discriminatorios y hasta ofensivos, y muy por el contrario, ayudarlos de forma m\u00e1s diligencia y humana.<\/p>\n<p style=\"text-align: justify;\">Asistieron a la presentaci\u00f3n del libro las diputadas Gloria Citlali Calixto Jim\u00e9nez y Mar\u00eda Flores Maldonado, presidentas de las comisiones de Atenci\u00f3n a las Personas con Discapacidad y de Artesan\u00edas.<\/p>\n<p style=\"text-align: justify;\">Al hacer uso de la palabra, la diputada Gloria Citlalli Calixto adelant\u00f3 que en fechas pr\u00f3ximas se estar\u00e1n realizando mesas de trabajo para el acercamiento y recepci\u00f3n de propuestas sobre c\u00f3mo se puede ayudar y atender de manera m\u00e1s efectiva a este sector vulnerable.<\/p>\n<p style=\"text-align: justify;\">Se\u00f1al\u00f3 que se debe romper con la idea de que las y los diputados hacen y\/o reforman leyes sin tomar en cuenta a la poblaci\u00f3n, haciendo que los ordenamientos lleven un verdadero sentido humano que beneficie directamente a los diferentes sectores; pero esto se lograr\u00e1 s\u00f3lo si se toman en cuenta.<\/p>\n<p style=\"text-align: justify;\">Reiter\u00f3 que para tener una verdadera sociedad incluyente se debe trabajar con la ciudadan\u00eda y tratar de ser m\u00e1s emp\u00e1ticos, ya que la indiferencia es la que verdaderamente impide el avance en el estado.<\/p>\n<p style=\"text-align: justify;\">Al final de la presentaci\u00f3n, se entreg\u00f3 un reconocimiento al diputado Osbaldo R\u00edos por su apoyo y contribuci\u00f3n para la presentaci\u00f3n de dicha obra.<\/p>\n<p style=\"text-align: justify;\">Como parte del evento, se presentaron las ponencias \u201cEnfoque human\u00edstico de la discapacidad\u201d, a cargo de Roc\u00edo Ayala Encarnaci\u00f3n; \u201cMi experiencia y reto de caminar con un hijo con discapacidad\u201d, por parte de Jos\u00e9 Manuel Tepetate Moyao, y \u201cLa importancia de las artes en la discapacidad\u201d, de Tonantzin Yei Beltr\u00e1n Cort\u00e9s. Adem\u00e1s, particip\u00f3 con la ejecuci\u00f3n de algunos temas el cantautor Delfino Ambrosio Montealb\u00e1n.<\/p>\n","protected":false},"excerpt":{"rendered":"<p>Chilpancingo, Gro., 03 de diciembre de 2021.- Este viernes en el Congreso del Estado se present\u00f3 el libro \u201cLas emociones y el estr\u00e9s me llevaron a la ceguera, 3 alternativas para recuperar la vista\u201d, de la autora Mayra X\u00f3chitl Ayala; evento promovido por el diputado Osbaldo R\u00edos Manrique con motivo del D\u00eda Internacional de las&#8230;<\/p>\n","protected":false},"author":1,"featured_media":1281,"comment_status":"closed","ping_status":"open","sticky":false,"template":"","format":"standard","meta":{"_monsterinsights_skip_tracking":false,"_monsterinsights_sitenote_active":false,"_monsterinsights_sitenote_note":"","_monsterinsights_sitenote_category":0,"footnotes":""},"categories":[3,33],"tags":[],"class_list":["post-1279","post","type-post","status-publish","format-standard","has-post-thumbnail","hentry","category-boletin","category-osbaldo-rios-manrique"],"aioseo_notices":[],"_links":{"self":[{"href":"https:\/\/congresogro.gob.mx\/63\/inicio\/wp-json\/wp\/v2\/posts\/1279","targetHints":{"allow":["GET"]}}],"collection":[{"href":"https:\/\/congresogro.gob.mx\/63\/inicio\/wp-json\/wp\/v2\/posts"}],"about":[{"href":"https:\/\/congresogro.gob.mx\/63\/inicio\/wp-json\/wp\/v2\/types\/post"}],"author":[{"embeddable":true,"href":"https:\/\/congresogro.gob.mx\/63\/inicio\/wp-json\/wp\/v2\/users\/1"}],"replies":[{"embeddable":true,"href":"https:\/\/congresogro.gob.mx\/63\/inicio\/wp-json\/wp\/v2\/comments?post=1279"}],"version-history":[{"count":1,"href":"https:\/\/congresogro.gob.mx\/63\/inicio\/wp-json\/wp\/v2\/posts\/1279\/revisions"}],"predecessor-version":[{"id":1282,"href":"https:\/\/congresogro.gob.mx\/63\/inicio\/wp-json\/wp\/v2\/posts\/1279\/revisions\/1282"}],"wp:featuredmedia":[{"embeddable":true,"href":"https:\/\/congresogro.gob.mx\/63\/inicio\/wp-json\/wp\/v2\/media\/1281"}],"wp:attachment":[{"href":"https:\/\/congresogro.gob.mx\/63\/inicio\/wp-json\/wp\/v2\/media?parent=1279"}],"wp:term":[{"taxonomy":"category","embeddable":true,"href":"https:\/\/congresogro.gob.mx\/63\/inicio\/wp-json\/wp\/v2\/categories?post=1279"},{"taxonomy":"post_tag","embeddable":true,"href":"https:\/\/congresogro.gob.mx\/63\/inicio\/wp-json\/wp\/v2\/tags?post=1279"}],"curies":[{"name":"wp","href":"https:\/\/api.w.org\/{rel}","templated":true}]}}