{"id":1258,"date":"2021-12-02T09:53:22","date_gmt":"2021-12-02T15:53:22","guid":{"rendered":"https:\/\/congresogro.gob.mx\/63\/inicio\/?p=1258"},"modified":"2021-12-03T09:54:18","modified_gmt":"2021-12-03T15:54:18","slug":"plantean-reformas-para-garantizar-la-participacion-y-representacion-igualitaria-de-las-mujeres-en-guerrero","status":"publish","type":"post","link":"https:\/\/congresogro.gob.mx\/63\/inicio\/2021\/12\/02\/plantean-reformas-para-garantizar-la-participacion-y-representacion-igualitaria-de-las-mujeres-en-guerrero\/","title":{"rendered":"PLANTEAN REFORMAS PARA GARANTIZAR LA PARTICIPACI\u00d3N  Y REPRESENTACI\u00d3N IGUALITARIA DE LAS MUJERES EN GUERRERO"},"content":{"rendered":"<p style=\"text-align: justify;\"><strong>Chilpancingo, Gr<\/strong><strong>o., 02 de diciembre de 2021<\/strong>.- La diputada Ana Lenis Res\u00e9ndiz Javier propuso una iniciativa de reformas y adiciones a diversas disposiciones de la Ley Para la Igualdad entre Mujeres y Hombres del Estado de Guerrero, con el objeto de garantizar la igualdad entre hombres y mujeres tanto para el ejercicio de sus derechos pol\u00edtico-electorales como en la participaci\u00f3n en condiciones de igualdad en la vida pol\u00edtica del estado.<\/p>\n<p style=\"text-align: justify;\">En su propuesta que se turn\u00f3 a la Comisi\u00f3n para la Igualdad de G\u00e9nero, la legisladora representante del PAN manifiesta que la reforma pol\u00edtico-electoral del 31 de enero de 2014 oblig\u00f3 a los partidos pol\u00edticos a garantizar la paridad de g\u00e9nero en las candidaturas a nivel federal y local, lo que representa sin duda un gran avance en el desarrollo progresivo de los derechos pol\u00edticos de las mujeres.<\/p>\n<p style=\"text-align: justify;\">Asimismo, refiri\u00f3 que en el 2019 el Senado de la Rep\u00fablica y la C\u00e1mara de Diputados del Congreso de la Uni\u00f3n aprobaron reformas en materia de paridad de g\u00e9nero para que en los cargos p\u00fablicos de los tres \u00f3rdenes de gobierno exista la obligatoriedad de observar el principio de paridad en la designaci\u00f3n de titulares de las secretar\u00edas de despacho del Poder Ejecutivo federal y sus equivalentes en los estados y organismos aut\u00f3nomos.<\/p>\n<p style=\"text-align: justify;\">En ese sentido, dijo que con esta iniciativa se propone la armonizaci\u00f3n del principio de paridad de g\u00e9nero, con la finalidad de que la pol\u00edtica estatal oriente parte de sus metas, objetivos y acciones a lograr la participaci\u00f3n y representaci\u00f3n paritaria efectiva en el gobierno estatal y ayuntamientos.<\/p>\n<p style=\"text-align: justify;\">Igualmente, se busca garantizar la participaci\u00f3n y representaci\u00f3n paritaria de mujeres y hombres en los nombramientos y designaciones de los cargos de responsabilidad de todos los niveles que les correspondan; generar mecanismos que garanticen la participaci\u00f3n y representaci\u00f3n pol\u00edtica paritaria entre mujeres y hombres; implementar campa\u00f1as que fomenten la contrataci\u00f3n de mujeres y promuevan la igualdad en el mercado laboral en los \u00e1mbitos p\u00fablico y privado, as\u00ed como la participaci\u00f3n paritaria en puestos de toma de decisiones.<\/p>\n","protected":false},"excerpt":{"rendered":"<p>Chilpancingo, Gro., 02 de diciembre de 2021.- La diputada Ana Lenis Res\u00e9ndiz Javier propuso una iniciativa de reformas y adiciones a diversas disposiciones de la Ley Para la Igualdad entre Mujeres y Hombres del Estado de Guerrero, con el objeto de garantizar la igualdad entre hombres y mujeres tanto para el ejercicio de sus derechos&#8230;<\/p>\n","protected":false},"author":1,"featured_media":1260,"comment_status":"closed","ping_status":"open","sticky":false,"template":"","format":"standard","meta":{"_monsterinsights_skip_tracking":false,"_monsterinsights_sitenote_active":false,"_monsterinsights_sitenote_note":"","_monsterinsights_sitenote_category":0,"footnotes":""},"categories":[45,3],"tags":[],"class_list":["post-1258","post","type-post","status-publish","format-standard","has-post-thumbnail","hentry","category-ana-lenis-resendiz-javier","category-boletin"],"aioseo_notices":[],"_links":{"self":[{"href":"https:\/\/congresogro.gob.mx\/63\/inicio\/wp-json\/wp\/v2\/posts\/1258","targetHints":{"allow":["GET"]}}],"collection":[{"href":"https:\/\/congresogro.gob.mx\/63\/inicio\/wp-json\/wp\/v2\/posts"}],"about":[{"href":"https:\/\/congresogro.gob.mx\/63\/inicio\/wp-json\/wp\/v2\/types\/post"}],"author":[{"embeddable":true,"href":"https:\/\/congresogro.gob.mx\/63\/inicio\/wp-json\/wp\/v2\/users\/1"}],"replies":[{"embeddable":true,"href":"https:\/\/congresogro.gob.mx\/63\/inicio\/wp-json\/wp\/v2\/comments?post=1258"}],"version-history":[{"count":1,"href":"https:\/\/congresogro.gob.mx\/63\/inicio\/wp-json\/wp\/v2\/posts\/1258\/revisions"}],"predecessor-version":[{"id":1261,"href":"https:\/\/congresogro.gob.mx\/63\/inicio\/wp-json\/wp\/v2\/posts\/1258\/revisions\/1261"}],"wp:featuredmedia":[{"embeddable":true,"href":"https:\/\/congresogro.gob.mx\/63\/inicio\/wp-json\/wp\/v2\/media\/1260"}],"wp:attachment":[{"href":"https:\/\/congresogro.gob.mx\/63\/inicio\/wp-json\/wp\/v2\/media?parent=1258"}],"wp:term":[{"taxonomy":"category","embeddable":true,"href":"https:\/\/congresogro.gob.mx\/63\/inicio\/wp-json\/wp\/v2\/categories?post=1258"},{"taxonomy":"post_tag","embeddable":true,"href":"https:\/\/congresogro.gob.mx\/63\/inicio\/wp-json\/wp\/v2\/tags?post=1258"}],"curies":[{"name":"wp","href":"https:\/\/api.w.org\/{rel}","templated":true}]}}