{"id":1254,"date":"2021-12-02T09:51:20","date_gmt":"2021-12-02T15:51:20","guid":{"rendered":"https:\/\/congresogro.gob.mx\/63\/inicio\/?p=1254"},"modified":"2021-12-03T09:53:09","modified_gmt":"2021-12-03T15:53:09","slug":"proponen-dar-un-dia-con-goce-de-sueldo-a-trabajadores-para-que-se-realicen-estudios-de-deteccion-de-cancer","status":"publish","type":"post","link":"https:\/\/congresogro.gob.mx\/63\/inicio\/2021\/12\/02\/proponen-dar-un-dia-con-goce-de-sueldo-a-trabajadores-para-que-se-realicen-estudios-de-deteccion-de-cancer\/","title":{"rendered":"PROPONEN DAR UN D\u00cdA CON GOCE DE SUELDO A TRABAJADORES PARA QUE SE REALICEN ESTUDIOS DE DETECCI\u00d3N DE C\u00c1NCER"},"content":{"rendered":"<p style=\"text-align: justify;\"><strong>Chilpancingo, Gr<\/strong><strong>o., 02 de diciembre de 2021<\/strong>.- La diputada Gabriela Bernal Res\u00e9ndiz present\u00f3 una iniciativa de adici\u00f3n a la Ley de Trabajo de los Servidores P\u00fablicos del Estado de Guerrero y a la Ley Estatuto de los Trabajadores al Servicio del Estado, de los Municipios y de los Organismos P\u00fablicos Coordinados y Descentralizados del Estado, para otorgar permiso de un d\u00eda al a\u00f1o con goce de sueldo a trabajadores que deseen realizarse estudios de detecci\u00f3n temprana de c\u00e1ncer de mama y\/o cervicouterino, en el caso de las mujeres, y de pr\u00f3stata y testicular en el caso de los hombres.<\/p>\n<p style=\"text-align: justify;\">Al exponer en tribuna la importancia de la iniciativa, la legisladora integrante del Grupo Parlamentario del PRI resalt\u00f3 que el c\u00e1ncer es una de las principales causas de fallecimientos en M\u00e9xico y en el mundo, y seg\u00fan datos del lnegi, entre enero y agosto de 2020 se registraron 683,823 defunciones, de las cuales 9 por ciento se debieron a tumores malignos y el 51 por ciento correspondi\u00f3 a mujeres.<\/p>\n<p style=\"text-align: justify;\">Agreg\u00f3 que en Guerrero la incidencia de casos nuevos de c\u00e1ncer de mama es de 7.69 por cada 100 mil mujeres de 20 a\u00f1os o m\u00e1s, y en M\u00e9xico, a pesar de que la incidencia de c\u00e1ncer de pr\u00f3stata es tres veces menor que lo observado en Estados Unidos de Am\u00e9rica, la mortalidad por esta causa es pr\u00e1cticamente igual (11.3 vs 9.8 muertes por cada 100 mil hombres).<\/p>\n<p style=\"text-align: justify;\">Ante este problema de salud p\u00fablica, Bernal Res\u00e9ndiz dijo que el tratamiento del c\u00e1ncer de mama en mujeres y el de pr\u00f3stata en hombres pueden ser eficaces y con probabilidades de supervivencia del 90 por ciento o m\u00e1s altas, sobre todo cuando la enfermedad se detecta de forma temprana, por lo cual es de suma importancia la realizaci\u00f3n peri\u00f3dica de estudios.<\/p>\n<p style=\"text-align: justify;\">Por lo anterior, la tambi\u00e9n presidenta de la Comisi\u00f3n Para la Igualdad de G\u00e9nero del Congreso exclam\u00f3 que no s\u00f3lo basta con promover los distintos programas que operan en las cl\u00ednicas y hospitales del sistema de salud p\u00fablico del pa\u00eds, cuyos ex\u00e1menes son gratuitos todo el a\u00f1o, sino que tambi\u00e9n se deben fomentar las condiciones para que hombres y mujeres puedan contar con las facilidades laborales y acudir al m\u00e9dico cuando menos una vez al a\u00f1o.<\/p>\n<p style=\"text-align: justify;\">La iniciativa de reforma fue turnada a las Comisiones Unidas de Salud y de Desarrollo Econ\u00f3mico y Trabajo, para su an\u00e1lisis y dictaminaci\u00f3n.<\/p>\n<p style=\"text-align: justify;\"><strong>\u00a0<\/strong><\/p>\n<p style=\"text-align: justify;\"><strong>Acuerdos <\/strong><\/p>\n<p style=\"text-align: justify;\">El diputado Antonio Helguera Jim\u00e9nez (Morena) present\u00f3 un punto de acuerdo por el que se exhorta a la Comisi\u00f3n de Presupuesto y Cuenta P\u00fablica de este Congreso, a efecto de que emita los lineamientos para el proceso de participaci\u00f3n de las comisiones ordinarias en el an\u00e1lisis del Proyecto de Presupuesto de Egresos del Estado de Guerrero para el Ejercicio Fiscal 2022.<\/p>\n<p style=\"text-align: justify;\">Plantea tambi\u00e9n que la informaci\u00f3n sea publicada en el sitio web oficial para su consulta y descarga, junto al citado proyecto, los criterios de pol\u00edtica econ\u00f3mica y sus respectivos anexos.<\/p>\n","protected":false},"excerpt":{"rendered":"<p>Chilpancingo, Gro., 02 de diciembre de 2021.- La diputada Gabriela Bernal Res\u00e9ndiz present\u00f3 una iniciativa de adici\u00f3n a la Ley de Trabajo de los Servidores P\u00fablicos del Estado de Guerrero y a la Ley Estatuto de los Trabajadores al Servicio del Estado, de los Municipios y de los Organismos P\u00fablicos Coordinados y Descentralizados del Estado,&#8230;<\/p>\n","protected":false},"author":1,"featured_media":1256,"comment_status":"closed","ping_status":"open","sticky":false,"template":"","format":"standard","meta":{"_monsterinsights_skip_tracking":false,"_monsterinsights_sitenote_active":false,"_monsterinsights_sitenote_note":"","_monsterinsights_sitenote_category":0,"footnotes":""},"categories":[3,42],"tags":[],"class_list":["post-1254","post","type-post","status-publish","format-standard","has-post-thumbnail","hentry","category-boletin","category-gabriela-bernal-resendiz"],"aioseo_notices":[],"_links":{"self":[{"href":"https:\/\/congresogro.gob.mx\/63\/inicio\/wp-json\/wp\/v2\/posts\/1254","targetHints":{"allow":["GET"]}}],"collection":[{"href":"https:\/\/congresogro.gob.mx\/63\/inicio\/wp-json\/wp\/v2\/posts"}],"about":[{"href":"https:\/\/congresogro.gob.mx\/63\/inicio\/wp-json\/wp\/v2\/types\/post"}],"author":[{"embeddable":true,"href":"https:\/\/congresogro.gob.mx\/63\/inicio\/wp-json\/wp\/v2\/users\/1"}],"replies":[{"embeddable":true,"href":"https:\/\/congresogro.gob.mx\/63\/inicio\/wp-json\/wp\/v2\/comments?post=1254"}],"version-history":[{"count":1,"href":"https:\/\/congresogro.gob.mx\/63\/inicio\/wp-json\/wp\/v2\/posts\/1254\/revisions"}],"predecessor-version":[{"id":1257,"href":"https:\/\/congresogro.gob.mx\/63\/inicio\/wp-json\/wp\/v2\/posts\/1254\/revisions\/1257"}],"wp:featuredmedia":[{"embeddable":true,"href":"https:\/\/congresogro.gob.mx\/63\/inicio\/wp-json\/wp\/v2\/media\/1256"}],"wp:attachment":[{"href":"https:\/\/congresogro.gob.mx\/63\/inicio\/wp-json\/wp\/v2\/media?parent=1254"}],"wp:term":[{"taxonomy":"category","embeddable":true,"href":"https:\/\/congresogro.gob.mx\/63\/inicio\/wp-json\/wp\/v2\/categories?post=1254"},{"taxonomy":"post_tag","embeddable":true,"href":"https:\/\/congresogro.gob.mx\/63\/inicio\/wp-json\/wp\/v2\/tags?post=1254"}],"curies":[{"name":"wp","href":"https:\/\/api.w.org\/{rel}","templated":true}]}}