{"id":1219,"date":"2021-11-30T09:27:06","date_gmt":"2021-11-30T15:27:06","guid":{"rendered":"https:\/\/congresogro.gob.mx\/63\/inicio\/?p=1219"},"modified":"2021-12-01T09:29:58","modified_gmt":"2021-12-01T15:29:58","slug":"evento-historico-en-el-congreso-desarrollan-primer-encuentro-de-la-comision-de-los-derechos-de-las-ninas-ninos-y-adolescentes-con-titulares-de-los-sistemas-dif-municipales","status":"publish","type":"post","link":"https:\/\/congresogro.gob.mx\/63\/inicio\/2021\/11\/30\/evento-historico-en-el-congreso-desarrollan-primer-encuentro-de-la-comision-de-los-derechos-de-las-ninas-ninos-y-adolescentes-con-titulares-de-los-sistemas-dif-municipales\/","title":{"rendered":"EVENTO HIST\u00d3RICO EN EL CONGRESO: DESARROLLAN \u201cPRIMER ENCUENTRO DE LA COMISI\u00d3N DE LOS DERECHOS DE LAS NI\u00d1AS, NI\u00d1OS Y ADOLESCENTES CON TITULARES DE LOS SISTEMAS DIF MUNICIPALES\u201d"},"content":{"rendered":"<p style=\"text-align: justify;\"><strong>Chilpancingo, Gro., 30 de noviembre 2021.-<\/strong> En un acto catalogado como \u201chist\u00f3rico\u201d, se desarroll\u00f3 este martes el \u201cPrimer Encuentro de la Comisi\u00f3n de los Derechos de las Ni\u00f1as, Ni\u00f1os y Adolescentes, que preside la diputada Beatriz Mojica Morga, con titulares de los Sistemas DIF Municipales\u201d, con el objeto de analizar la problem\u00e1tica del sector y sentar las bases para una efectiva y estrecha coordinaci\u00f3n interinstitucional que garantice, desde un enfoque integral, la protecci\u00f3n de sus derechos.<\/p>\n<p style=\"text-align: justify;\">Al evento realizado en el interior del Recinto Legislativo asistieron alrededor de 40 presidentas y presidentes de los DIF Municipales de Guerrero, algunos alcaldes y la propia presidenta del DIF Guerrero.<\/p>\n<p style=\"text-align: justify;\">Al dar la bienvenida a las y los asistentes, la presidenta del citado \u00f3rgano, diputada Beatriz Mojica Morga, enfatiz\u00f3 que en un hecho in\u00e9dito acudieron al Congreso de Guerrero las presidentas y presidentas de los DIF para entablar di\u00e1logo con legisladores, dejando de manifiesto su compromiso de trabajar por el inter\u00e9s superior de la ni\u00f1ez y la adolescencia.<\/p>\n<p style=\"text-align: justify;\">Indic\u00f3 que el objetivo es generar una estrategia conjunta que involucre a los distintos \u00f3rdenes de gobierno, a los poderes del Estado y al resto de instituciones, encaminada a garantizar la protecci\u00f3n y atenci\u00f3n de este sector vulnerable.<\/p>\n<p style=\"text-align: justify;\">Sobre esta actividad que forma parte de los \u201c16 d\u00edas de activismo contra la violencia de g\u00e9nero\u201d, dijo que el objetivo es impactar en las siete regiones del estado y crear conciencia acerca de que garantizar el cuidado de los m\u00e1s indefensos es tarea de todos, para poder tener un Guerrero distinto.<\/p>\n<p style=\"text-align: justify;\">Agreg\u00f3 que para atender de manera m\u00e1s eficaz a la ni\u00f1ez guerrerense es necesario que los DIF no sean vistos s\u00f3lo como instancias de beneficencia, sino ser el eje central de la pol\u00edtica social de los gobiernos locales, al ser el v\u00ednculo m\u00e1s estrecho con los m\u00e1s necesitados.<\/p>\n<p style=\"text-align: justify;\">\u201cPor eso es importante que tambi\u00e9n los ayuntamientos reflejen en sus respectivos presupuestos del 2022 las partidas econ\u00f3micas necesarias para el buen desempe\u00f1o de sus procuradur\u00edas y los propios DIF, que permitan desarrollar efectivas estrategias para la erradicaci\u00f3n de todo tipo de violencia hacia los menores y para garantizar de forma \u00edntegra sus derechos\u201d, abund\u00f3.<\/p>\n<p style=\"text-align: justify;\">Adelant\u00f3 que la Comisi\u00f3n trabaja en una amplia agenda legislativa con miras a cumplir las distintas recomendaciones de organismos nacionales e internacionales en torno a la armonizaci\u00f3n del marco jur\u00eddico en favor de la ni\u00f1ez y las mujeres, tema en que destaca la prohibici\u00f3n y sanci\u00f3n de los matrimonios infantiles.<\/p>\n<p style=\"text-align: justify;\">\u201cEstamos comprometidos a trabajar con todo un abanico de leyes existente y los instrumentos internacionales que est\u00e9n a nuestro alcance para atender a la ni\u00f1ez, lo cual requiere de entrelazar las labores legislativa, judicial y ejecutiva para poder incidir de manera importante en el tema de la violencia hacia las y los menores que tanto aqueja a Guerrero\u201d, sentenci\u00f3.<\/p>\n<p style=\"text-align: justify;\">En su oportunidad, la diputada Julieta Fern\u00e1ndez M\u00e1rquez, secretaria de la Comisi\u00f3n, ratific\u00f3 el compromiso de este \u00f3rgano de coadyuvar, desde su \u00e1mbito, para hacer que se cumpla el anhelo de justicia cotidiana para cada ni\u00f1o, ni\u00f1a y adolescente de Guerrero.<\/p>\n<p style=\"text-align: justify;\">Consider\u00f3 de suma trascendencia la presencia en el evento de la mayor\u00eda de presidentas y presidentes de los DIF municipales, quienes pueden ser la parte medular en la tarea de hacer cumplir el marco jur\u00eddico en favor de la infancia, que muchas veces se desconoce.<\/p>\n<p style=\"text-align: justify;\">Refiri\u00f3 que se siguen dando casos graves de abuso de menores en municipios de la Monta\u00f1a, incluso en escuelas, situaci\u00f3n que obliga a las autoridades municipales a intervenir e influir para que no sigan ocurriendo.<\/p>\n<p style=\"text-align: justify;\">\u201cAfortunadamente el Ejecutivo estatal est\u00e1 mostrando mucha voluntad para atender esta grave problem\u00e1tica, pero la tarea es de todos; todas las instituciones, todos los \u00f3rdenes de gobierno debemos participar para lograr un parteaguas y que los ni\u00f1os y las ni\u00f1as dejen se ser maltratados, violentados y vendidos\u201d, apunt\u00f3.<\/p>\n<p style=\"text-align: justify;\">Particip\u00f3 tambi\u00e9n la diputada vocal Susana Paola Ju\u00e1rez G\u00f3mez, quien invit\u00f3 a las y los titulares de los DIF a acercarse a la Comisi\u00f3n y allegarse de las herramientas adecuadas para hacer frente a casos lamentables de violaci\u00f3n de derechos de los infantes.<\/p>\n<p style=\"text-align: justify;\">Les refiri\u00f3 tambi\u00e9n que un primer apoyo lo pueden encontrar en sus procuradores de Defensa del Menor, mismos que podr\u00edan acudir al Congreso para capacitarse y actualizarse en la materia.<\/p>\n<p style=\"text-align: justify;\">\u201cPor nuestra parte, desde nuestro espacio, modificaremos con responsabilidad las leyes y dirigiremos los recursos necesarios para que las instancias de atenci\u00f3n y protecci\u00f3n tengan modo de echar a andar programas y acciones en favor de la ni\u00f1ez y la adolescencia\u201d, indic\u00f3.<\/p>\n<p style=\"text-align: justify;\">Al hacer uso de la palabra, la diputada Nora Yanek Vel\u00e1zquez Mart\u00ednez garantiz\u00f3 que la Comisi\u00f3n de los Derechos de la Ni\u00f1as, Ni\u00f1os y Adolescentes trabajar\u00e1 sin distingos partidistas, viendo s\u00f3lo por el inter\u00e9s superior del ni\u00f1o.<\/p>\n<p style=\"text-align: justify;\">Igualmente, consider\u00f3 que la reuni\u00f3n ser\u00e1 hist\u00f3rica porque marca el principio de una etapa de reformas a las leyes para que las ni\u00f1as y los ni\u00f1os sean visibilizados como sujetos de derecho.<\/p>\n<p style=\"text-align: justify;\">\u201cA\u00fan hay muchos obst\u00e1culos en el n\u00facleo social; en ese sentido, el Congreso debe abrirse y legitimarse como casa del pueblo; por eso es que ofrecemos caminar juntos para que los objetivos en favor de la ni\u00f1ez se cumplan. Tengan la certeza de que en las legisladoras que integramos esta Comisi\u00f3n encontrar\u00e1n todo el apoyo y orientaci\u00f3n\u201d, manifest\u00f3.<\/p>\n<p style=\"text-align: justify;\">En su intervenci\u00f3n, la directora del DIF Guerrero, Liz Salgado Pineda, reconoci\u00f3 el gran paso dado por esta comisi\u00f3n legislativa. \u201cSin duda que esta actividad ofrecer\u00e1 mayores herramientas al Ejecutivo estatal para operar adecuadamente las pol\u00edticas p\u00fablicas, programas y acciones en beneficio de la ni\u00f1ez y la adolescencia del estado\u201d, remarc\u00f3.<\/p>\n<p style=\"text-align: justify;\">Clausur\u00f3 el encuentro el diputado presidente de la Junta de Coordinaci\u00f3n Pol\u00edtica, Alfredo S\u00e1nchez Esquivel, quien reconoci\u00f3 el trabajo de la Comisi\u00f3n por la amplia convocatoria lograda en el evento.<\/p>\n<p style=\"text-align: justify;\">Llam\u00f3 asimismo a los Sistemas DIF de los municipios para replicar el ejercicio en sus territorios, no dejando la iniciativa solamente a la autoridad municipal, para lo cual ofreci\u00f3 la coadyuvancia plena del Congreso, asegurando que en el tema de la protecci\u00f3n y atenci\u00f3n de la ni\u00f1ez y la adolescencia no hay distinci\u00f3n de partidos ni ideolog\u00edas pol\u00edticas.<\/p>\n<p style=\"text-align: justify;\">En el encuentro se hizo la presentaci\u00f3n de la Ley de Protecci\u00f3n de los Derechos de Ni\u00f1as, Ni\u00f1os y Adolescentes, a cargo de Jos\u00e9 Luis Tu\u00f1\u00f3n Gordillo, asesor de la Comisi\u00f3n del ramo, y ofreci\u00f3 un mensaje v\u00eda Zoom el procurador federal de Protecci\u00f3n de Ni\u00f1as, Ni\u00f1os y Adolescentes del Sistema Nacional DIF, Oliver Casta\u00f1eda Correa.<\/p>\n<p style=\"text-align: justify;\">Tambi\u00e9n se presentaron las ponencias \u201c\u00bfQu\u00e9 dice la Ley en materia de Justicia para Ni\u00f1as, Ni\u00f1os y Adolescentes?\u201d, por Reynaldo Jaramillo Piza, encargado de la Fiscal\u00eda Especializada en Justicia para Adolescentes en Guerrero y la Elizabeth Pacheco Campos, directora del Centro de Ejecuci\u00f3n de Medidas para Adolescentes; \u201cAlerta Amber y Alerta Alba: Protocolo de atenci\u00f3n inmediata ante la desaparici\u00f3n de ni\u00f1as y ni\u00f1os\u201d, a cargo de Ingrid Yenni Eunice Gonz\u00e1lez Reyes, coordinadora estatal de Alerta Amber Guerrero; y la Mesa de trabajo: \u201cAcciones contra la violencia hacia las ni\u00f1as y adolescentes. \u00bfC\u00f3mo abordar el Matrimonio Infantil y las uniones tempranas y forzadas en Guerrero?\u201d, encabezada por Elvira Constantina Pablo Antonio, oficial de Pol\u00edticas y Membres\u00eda para Am\u00e9rica Latina y el Caribe de \u201cGirls Not Bride\u201d: la Alianza Global para Terminar con el Matrimonio Infantil.<\/p>\n","protected":false},"excerpt":{"rendered":"<p>Chilpancingo, Gro., 30 de noviembre 2021.- En un acto catalogado como \u201chist\u00f3rico\u201d, se desarroll\u00f3 este martes el \u201cPrimer Encuentro de la Comisi\u00f3n de los Derechos de las Ni\u00f1as, Ni\u00f1os y Adolescentes, que preside la diputada Beatriz Mojica Morga, con titulares de los Sistemas DIF Municipales\u201d, con el objeto de analizar la problem\u00e1tica del sector y&#8230;<\/p>\n","protected":false},"author":1,"featured_media":1221,"comment_status":"closed","ping_status":"open","sticky":false,"template":"","format":"standard","meta":{"_monsterinsights_skip_tracking":false,"_monsterinsights_sitenote_active":false,"_monsterinsights_sitenote_note":"","_monsterinsights_sitenote_category":0,"footnotes":""},"categories":[13,3],"tags":[],"class_list":["post-1219","post","type-post","status-publish","format-standard","has-post-thumbnail","hentry","category-beatriz-mojica-morga","category-boletin"],"aioseo_notices":[],"_links":{"self":[{"href":"https:\/\/congresogro.gob.mx\/63\/inicio\/wp-json\/wp\/v2\/posts\/1219","targetHints":{"allow":["GET"]}}],"collection":[{"href":"https:\/\/congresogro.gob.mx\/63\/inicio\/wp-json\/wp\/v2\/posts"}],"about":[{"href":"https:\/\/congresogro.gob.mx\/63\/inicio\/wp-json\/wp\/v2\/types\/post"}],"author":[{"embeddable":true,"href":"https:\/\/congresogro.gob.mx\/63\/inicio\/wp-json\/wp\/v2\/users\/1"}],"replies":[{"embeddable":true,"href":"https:\/\/congresogro.gob.mx\/63\/inicio\/wp-json\/wp\/v2\/comments?post=1219"}],"version-history":[{"count":1,"href":"https:\/\/congresogro.gob.mx\/63\/inicio\/wp-json\/wp\/v2\/posts\/1219\/revisions"}],"predecessor-version":[{"id":1222,"href":"https:\/\/congresogro.gob.mx\/63\/inicio\/wp-json\/wp\/v2\/posts\/1219\/revisions\/1222"}],"wp:featuredmedia":[{"embeddable":true,"href":"https:\/\/congresogro.gob.mx\/63\/inicio\/wp-json\/wp\/v2\/media\/1221"}],"wp:attachment":[{"href":"https:\/\/congresogro.gob.mx\/63\/inicio\/wp-json\/wp\/v2\/media?parent=1219"}],"wp:term":[{"taxonomy":"category","embeddable":true,"href":"https:\/\/congresogro.gob.mx\/63\/inicio\/wp-json\/wp\/v2\/categories?post=1219"},{"taxonomy":"post_tag","embeddable":true,"href":"https:\/\/congresogro.gob.mx\/63\/inicio\/wp-json\/wp\/v2\/tags?post=1219"}],"curies":[{"name":"wp","href":"https:\/\/api.w.org\/{rel}","templated":true}]}}