{"id":1215,"date":"2021-11-30T09:25:23","date_gmt":"2021-11-30T15:25:23","guid":{"rendered":"https:\/\/congresogro.gob.mx\/63\/inicio\/?p=1215"},"modified":"2021-12-01T09:26:57","modified_gmt":"2021-12-01T15:26:57","slug":"inauguran-la-feria-artesanal-y-gastronomica-2021-en-las-instalaciones-del-congreso-del-estado","status":"publish","type":"post","link":"https:\/\/congresogro.gob.mx\/63\/inicio\/2021\/11\/30\/inauguran-la-feria-artesanal-y-gastronomica-2021-en-las-instalaciones-del-congreso-del-estado\/","title":{"rendered":"INAUGURAN LA FERIA ARTESANAL Y GASTRON\u00d3MICA 2021  EN LAS INSTALACIONES DEL CONGRESO DEL ESTADO"},"content":{"rendered":"<p style=\"text-align: justify;\"><strong>Chilpancingo, Gro., 30 de noviembre 2021.- <\/strong>Este martes se inaugur\u00f3 la \u201cFeria Artesanal, Cultural y Gastron\u00f3mica 2021\u201d en la explanada del Poder Legislativo, cuyo prop\u00f3sito es promover la valorizaci\u00f3n de los productos artesanales y alimentos t\u00edpicos de la entidad, contribuyendo con la econom\u00eda de las familias.<\/p>\n<p style=\"text-align: justify;\">Dicho evento fue promovido por las diputadas Mar\u00eda Flores Maldonado, Jennyfer Garc\u00eda Lucena y Marben de la Cruz Santiago, presidentas de las comisiones legislativas de Cultura, de Artesan\u00edas y de Asuntos Ind\u00edgenas y Afromexicanos, respectivamente, y se desarrollar\u00e1 de este martes 30 al jueves 2 de diciembre.<\/p>\n<p style=\"text-align: justify;\">Al dar la bienvenida a los asistentes, las diputadas promoventes se pronunciaron en favor de continuar con este tipo de actividades que coadyuvan con la difusi\u00f3n de la riqueza cultural de Guerrero, que adem\u00e1s genera ingresos a las y los artesanos cuya solvencia econ\u00f3mica se vio disminuida por la pandemia de Covid-19, al no poder distribuir ni vender sus productos y mercanc\u00edas.<\/p>\n<p style=\"text-align: justify;\">Llamaron a consumir los productos hechos por manos guerrerenses y ayudar a que se siga promocionando la gran variedad gastron\u00f3mica que caracteriza a los pueblos de las distintas regiones de la entidad.<\/p>\n<p style=\"text-align: justify;\">Externaron que es un honor contar en el Recinto Legislativo con artesanas y artesanos que con sus productos hacen resaltar la belleza de Guerrero, y conminaron al p\u00fablico que hizo acto de presencia para comprar e impulsar su econom\u00eda.<\/p>\n<p style=\"text-align: justify;\">Adelantaron que esta actividad es la primera de muchas que tienen planeado realizar, en las que puedan participar cooperativas, organizaciones y familias, y no s\u00f3lo en las instalaciones del Congreso local, sino en otros lugares p\u00fablicos.<\/p>\n<p style=\"text-align: justify;\">Al ofrecer un mensaje, el diputado Alfredo S\u00e1nchez Esquivel hizo un reconocimiento a las diputadas promotoras de la actividad por el prop\u00f3sito de apoyar a los m\u00e1s desprotegidos.<\/p>\n<p style=\"text-align: justify;\">Estuvieron presentes la presidenta de la Mesa Directiva, diputada Flor A\u00f1orve Ocampo, entre otras diputadas y diputados de todos los grupos parlamentarios, y como invitados especiales el secretario general de Gobierno, Sa\u00fal L\u00f3pez Sollano; el secretario de Finanzas y Administraci\u00f3n, Raymundo Segura Estrada; las representaciones de la Secretar\u00eda de Asuntos Ind\u00edgenas y Comunidades Afromexicanos y el Instituto Nacional de los Pueblos Ind\u00edgenas, adem\u00e1s de presidentes municipales.<\/p>\n<p style=\"text-align: justify;\">\n","protected":false},"excerpt":{"rendered":"<p>Chilpancingo, Gro., 30 de noviembre 2021.- Este martes se inaugur\u00f3 la \u201cFeria Artesanal, Cultural y Gastron\u00f3mica 2021\u201d en la explanada del Poder Legislativo, cuyo prop\u00f3sito es promover la valorizaci\u00f3n de los productos artesanales y alimentos t\u00edpicos de la entidad, contribuyendo con la econom\u00eda de las familias. Dicho evento fue promovido por las diputadas Mar\u00eda Flores&#8230;<\/p>\n","protected":false},"author":1,"featured_media":1217,"comment_status":"closed","ping_status":"open","sticky":false,"template":"","format":"standard","meta":{"_monsterinsights_skip_tracking":false,"_monsterinsights_sitenote_active":false,"_monsterinsights_sitenote_note":"","_monsterinsights_sitenote_category":0,"footnotes":""},"categories":[3,35,12,28],"tags":[],"class_list":["post-1215","post","type-post","status-publish","format-standard","has-post-thumbnail","hentry","category-boletin","category-jennyfer-garcia-lucena","category-marben-de-la-cruz-santiago","category-maria-flores-maldonado"],"aioseo_notices":[],"_links":{"self":[{"href":"https:\/\/congresogro.gob.mx\/63\/inicio\/wp-json\/wp\/v2\/posts\/1215","targetHints":{"allow":["GET"]}}],"collection":[{"href":"https:\/\/congresogro.gob.mx\/63\/inicio\/wp-json\/wp\/v2\/posts"}],"about":[{"href":"https:\/\/congresogro.gob.mx\/63\/inicio\/wp-json\/wp\/v2\/types\/post"}],"author":[{"embeddable":true,"href":"https:\/\/congresogro.gob.mx\/63\/inicio\/wp-json\/wp\/v2\/users\/1"}],"replies":[{"embeddable":true,"href":"https:\/\/congresogro.gob.mx\/63\/inicio\/wp-json\/wp\/v2\/comments?post=1215"}],"version-history":[{"count":1,"href":"https:\/\/congresogro.gob.mx\/63\/inicio\/wp-json\/wp\/v2\/posts\/1215\/revisions"}],"predecessor-version":[{"id":1218,"href":"https:\/\/congresogro.gob.mx\/63\/inicio\/wp-json\/wp\/v2\/posts\/1215\/revisions\/1218"}],"wp:featuredmedia":[{"embeddable":true,"href":"https:\/\/congresogro.gob.mx\/63\/inicio\/wp-json\/wp\/v2\/media\/1217"}],"wp:attachment":[{"href":"https:\/\/congresogro.gob.mx\/63\/inicio\/wp-json\/wp\/v2\/media?parent=1215"}],"wp:term":[{"taxonomy":"category","embeddable":true,"href":"https:\/\/congresogro.gob.mx\/63\/inicio\/wp-json\/wp\/v2\/categories?post=1215"},{"taxonomy":"post_tag","embeddable":true,"href":"https:\/\/congresogro.gob.mx\/63\/inicio\/wp-json\/wp\/v2\/tags?post=1215"}],"curies":[{"name":"wp","href":"https:\/\/api.w.org\/{rel}","templated":true}]}}