{"id":1211,"date":"2021-11-30T09:19:06","date_gmt":"2021-11-30T15:19:06","guid":{"rendered":"https:\/\/congresogro.gob.mx\/63\/inicio\/?p=1211"},"modified":"2021-12-01T09:24:51","modified_gmt":"2021-12-01T15:24:51","slug":"acude-titular-de-salud-estatal-a-reunion-de-trabajo-con-diputados-de-la-comision-de-salud-del-congreso","status":"publish","type":"post","link":"https:\/\/congresogro.gob.mx\/63\/inicio\/2021\/11\/30\/acude-titular-de-salud-estatal-a-reunion-de-trabajo-con-diputados-de-la-comision-de-salud-del-congreso\/","title":{"rendered":"ACUDE TITULAR DE SALUD ESTATAL A REUNI\u00d3N DE TRABAJO  CON DIPUTADOS DE LA COMISI\u00d3N DE SALUD DEL CONGRESO"},"content":{"rendered":"<p style=\"text-align: justify;\"><strong>Chilpancingo, Gro., 30 de noviembre 2021<\/strong>.- La Comisi\u00f3n de Salud del Congreso del Estado que preside el diputado Olaguer Hern\u00e1ndez Flores sostuvo una reuni\u00f3n de trabajo con la titular de la Secretar\u00eda de Salud en el estado, Aid\u00e9 Ib\u00e1rez Castro, para conocer la situaci\u00f3n actual del Covid-19 en la entidad, las acciones y estrategias que se est\u00e1n implementando para hacer frente a la pandemia, y el presupuesto contemplado en materia de salud para el Ejercicio Fiscal 2022.<\/p>\n<p style=\"text-align: justify;\">Durante el encuentro realizado en la \u201cSala de los Pr\u00f3ceres de la Historia de M\u00e9xico, Jos\u00e9 Francisco Ruiz Massieu\u201d, las y los diputados externaron su compromiso de trabajar de manera coordinada con la dependencia estatal para garantizar el bienestar de las y los guerrerenses.<\/p>\n<p style=\"text-align: justify;\">Asimismo, agradecieron a la funcionaria su disposici\u00f3n de asistir a la reuni\u00f3n de trabajo para analizar en conjunto el tema relacionado con la mejora de la atenci\u00f3n m\u00e9dica a las y los guerrerenses.<\/p>\n<p style=\"text-align: justify;\">En sus respectivas intervenciones, las y los legisladores pidieron a la secretaria les compartiera datos generales sobre los lineamientos de prevenci\u00f3n del virus del Covid-19, sobre todo en la pr\u00f3xima temporada vacacional por las festividades navide\u00f1as, a efecto de evitar que se genere un alza de contagios.<\/p>\n<p style=\"text-align: justify;\">En otros temas de salud, indicaron que se deber\u00e1n atender diversas problem\u00e1ticas, como es la atenci\u00f3n a personas que requieren hemodi\u00e1lisis, mujeres embarazadas, padecimientos de c\u00e1ncer de mama y dem\u00e1s enfermedades degenerativas que requieren de atenci\u00f3n oportuna y de calidad, as\u00ed como garantizar la distribuci\u00f3n de medicamentos en las regiones m\u00e1s marginadas del estado.<\/p>\n<p style=\"text-align: justify;\">Recomendaron, asimismo, que se atienda la problem\u00e1tica en los Servicios M\u00e9dicos Forenses (Semefos), donde hay reclamos por saturaci\u00f3n e insalubridad, y de manera coordinada con las fiscal\u00edas federal y estatal eficientar los procesos de identificaci\u00f3n de cad\u00e1veres.<\/p>\n<p style=\"text-align: justify;\">Respecto a la asignaci\u00f3n presupuestal, las y los legisladores ofrecieron trabajar de manera colegiada para que en el Presupuesto 2022 se considere m\u00e1s apoyo al rubro de salud, que garantice la atenci\u00f3n medica oportuna y de calidad en favor de las y los guerrerenses, y conminaron a la funcionaria para cuidar que se haga una distribuci\u00f3n equitativa de recursos.<\/p>\n<p style=\"text-align: justify;\">En su oportunidad, la titular de la Secretar\u00eda de Salud reconoci\u00f3 a la Comisi\u00f3n su inter\u00e9s de involucrarse en un tema tan importante como es la salud de las y los guerrerenses, y les solicit\u00f3 valorar una ampliaci\u00f3n presupuestal a la dependencia que permita seguir haciendo frente a la pandemia sanitaria y dem\u00e1s temas de salud.<\/p>\n<p style=\"text-align: justify;\">Adem\u00e1s del diputado Olaguer Hern\u00e1ndez, participaron el diputado Andr\u00e9s Guevara C\u00e1rdenas, secretario de la Comisi\u00f3n, y las diputadas vocales Yanelly Hern\u00e1ndez Mart\u00ednez, Jessica Alejo Rayo y Leticia Mosso Hern\u00e1ndez.<\/p>\n","protected":false},"excerpt":{"rendered":"<p>Chilpancingo, Gro., 30 de noviembre 2021.- La Comisi\u00f3n de Salud del Congreso del Estado que preside el diputado Olaguer Hern\u00e1ndez Flores sostuvo una reuni\u00f3n de trabajo con la titular de la Secretar\u00eda de Salud en el estado, Aid\u00e9 Ib\u00e1rez Castro, para conocer la situaci\u00f3n actual del Covid-19 en la entidad, las acciones y estrategias que&#8230;<\/p>\n","protected":false},"author":1,"featured_media":1213,"comment_status":"closed","ping_status":"open","sticky":false,"template":"","format":"standard","meta":{"_monsterinsights_skip_tracking":false,"_monsterinsights_sitenote_active":false,"_monsterinsights_sitenote_note":"","_monsterinsights_sitenote_category":0,"footnotes":""},"categories":[3,47],"tags":[],"class_list":["post-1211","post","type-post","status-publish","format-standard","has-post-thumbnail","hentry","category-boletin","category-olaguer-hernandez-flores"],"aioseo_notices":[],"_links":{"self":[{"href":"https:\/\/congresogro.gob.mx\/63\/inicio\/wp-json\/wp\/v2\/posts\/1211","targetHints":{"allow":["GET"]}}],"collection":[{"href":"https:\/\/congresogro.gob.mx\/63\/inicio\/wp-json\/wp\/v2\/posts"}],"about":[{"href":"https:\/\/congresogro.gob.mx\/63\/inicio\/wp-json\/wp\/v2\/types\/post"}],"author":[{"embeddable":true,"href":"https:\/\/congresogro.gob.mx\/63\/inicio\/wp-json\/wp\/v2\/users\/1"}],"replies":[{"embeddable":true,"href":"https:\/\/congresogro.gob.mx\/63\/inicio\/wp-json\/wp\/v2\/comments?post=1211"}],"version-history":[{"count":1,"href":"https:\/\/congresogro.gob.mx\/63\/inicio\/wp-json\/wp\/v2\/posts\/1211\/revisions"}],"predecessor-version":[{"id":1214,"href":"https:\/\/congresogro.gob.mx\/63\/inicio\/wp-json\/wp\/v2\/posts\/1211\/revisions\/1214"}],"wp:featuredmedia":[{"embeddable":true,"href":"https:\/\/congresogro.gob.mx\/63\/inicio\/wp-json\/wp\/v2\/media\/1213"}],"wp:attachment":[{"href":"https:\/\/congresogro.gob.mx\/63\/inicio\/wp-json\/wp\/v2\/media?parent=1211"}],"wp:term":[{"taxonomy":"category","embeddable":true,"href":"https:\/\/congresogro.gob.mx\/63\/inicio\/wp-json\/wp\/v2\/categories?post=1211"},{"taxonomy":"post_tag","embeddable":true,"href":"https:\/\/congresogro.gob.mx\/63\/inicio\/wp-json\/wp\/v2\/tags?post=1211"}],"curies":[{"name":"wp","href":"https:\/\/api.w.org\/{rel}","templated":true}]}}