{"id":1202,"date":"2021-11-29T20:59:07","date_gmt":"2021-11-30T02:59:07","guid":{"rendered":"https:\/\/congresogro.gob.mx\/63\/inicio\/?p=1202"},"modified":"2021-11-29T20:59:40","modified_gmt":"2021-11-30T02:59:40","slug":"resuelven-pago-de-laudo-laboral-durante-comparecencia-de-alcaldesa-de-tetipac-ante-la-comision-de-derechos-humanos-del-congreso","status":"publish","type":"post","link":"https:\/\/congresogro.gob.mx\/63\/inicio\/2021\/11\/29\/resuelven-pago-de-laudo-laboral-durante-comparecencia-de-alcaldesa-de-tetipac-ante-la-comision-de-derechos-humanos-del-congreso\/","title":{"rendered":"RESUELVEN PAGO DE LAUDO LABORAL DURANTE COMPARECENCIA DE ALCALDESA DE TETIPAC ANTE LA COMISI\u00d3N DE DERECHOS HUMANOS DEL CONGRESO"},"content":{"rendered":"<p style=\"text-align: justify;\"><strong>Chilpancingo, Gro., 29 de noviembre de 2021<\/strong>.- Tras la comparecencia de la presidenta municipal de Tetipac, B\u00e1rbara Mercado Arce, ante diputadas y diputados de la Comisi\u00f3n de Derechos Humanos del Congreso del Estado, se resolvi\u00f3 cumplir con el pago de un laudo laboral originado desde el 2013 en favor de un trabajador municipal.<\/p>\n<p style=\"text-align: justify;\">Con la comparecencia de la alcaldesa, este lunes, qued\u00f3 por desahogada la vista emitida a este Poder Legislativo por la Comisi\u00f3n de Derechos Humanos del Estado de Guerrero (CDHEG) relativa a la Recomendaci\u00f3n 057\/2017, que a la vez proviene de un juicio en materia laboral interpuesto desde el a\u00f1o 2009.<\/p>\n<p style=\"text-align: justify;\">En la Sala de los Pr\u00f3ceres \u201cJos\u00e9 Francisco Ruiz Massieu\u201d del Congreso local, las y los integrantes de la Comisi\u00f3n de Derechos Humanos, presidida por la diputada Leticia Mosso Hern\u00e1ndez; Osbaldo R\u00edos Manrique, secretario, y los vocales Esteban Albarr\u00e1n Mendoza, Patricia Doroteo Calder\u00f3n y Ricardo Astudillo Calvo, reconocieron la disposici\u00f3n de la alcaldesa por acudir a informar a esta Soberan\u00eda sobre el incumplimiento de la Recomendaci\u00f3n 057\/2017.<\/p>\n<p style=\"text-align: justify;\">Se\u00f1al\u00f3 la diputada Mosso Hern\u00e1ndez que la comparecencia es ejemplo de responsabilidad constitucional de la autoridad, al atender y dar soluci\u00f3n a todos y cada uno de los asuntos que le competen, pese a que la recomendaci\u00f3n en particular no fue generada en su periodo, pero hay la disposici\u00f3n y voluntad de llegar a un buen acuerdo, conforme a las posibilidades financieras.<\/p>\n<p style=\"text-align: justify;\">En su intervenci\u00f3n, la presidenta municipal manifest\u00f3 que cuando asumi\u00f3 el cargo, el 30 de septiembre de este a\u00f1o, encontr\u00f3 el Ayuntamiento sin un peso en las arcas y con muchas deudas, as\u00ed como 30 laudos laborales y finiquitos pendientes, lo que imposibilita dar cumplimiento a la recomendaci\u00f3n de pago hecha desde el 2017.<\/p>\n<p style=\"text-align: justify;\">Sin embargo, se\u00f1al\u00f3 que aunque no hay recursos para pagar en una sola exhibici\u00f3n, hay disposici\u00f3n de resolver este asunto, para lo cual el Cabildo le autoriz\u00f3 hacer pagos quincenales con el objeto de cumplir con la recomendaci\u00f3n, misma propuesta que se comunicar\u00e1 en breve al Tribunal de Conciliaci\u00f3n y Arbitraje, para que determine lo conducente.<\/p>\n<p style=\"text-align: justify;\">Particip\u00f3 en la reuni\u00f3n la presidenta de la CDHEG, Cecilia Narciso Gayt\u00e1n, quien celebr\u00f3 la voluntad mostrada por la presidenta municipal para cumplir con los principios jur\u00eddicos establecidos en la Constituci\u00f3n Pol\u00edtica de los Estados Unidos Mexicanos, de promover, respetar y garantizar los derechos humanos.<\/p>\n<p style=\"text-align: justify;\">Indic\u00f3 que la propuesta que hizo B\u00e1rbara Mercado Arce ser\u00e1 llevada al quejoso para que tenga conocimiento y acepte los acuerdos a que se lleg\u00f3 en esta reuni\u00f3n entre legisladores, la presidenta municipal y la propia ombudsman.<\/p>\n<p style=\"text-align: justify;\">Tambi\u00e9n se congratul\u00f3 de que el Congreso del Estado, a trav\u00e9s de la comisi\u00f3n legislativa de Derechos Humanos, est\u00e9 resolviendo los asuntos que estaban pendientes desde hace varios a\u00f1os, lo cual representa un avance para garantizar los derechos humanos de las y los guerrerenses.<\/p>\n<p style=\"text-align: justify;\">Desahogada esta vista, se comunicar\u00e1 al Pleno de la LXIII Legislatura y a las autoridades competentes: Ayuntamiento de Tetipac, Comisi\u00f3n de Derechos Humanos del Estado de Guerrero y Junta de Coordinaci\u00f3n Pol\u00edtica, para los efectos legales conducentes.<\/p>\n","protected":false},"excerpt":{"rendered":"<p>Chilpancingo, Gro., 29 de noviembre de 2021.- Tras la comparecencia de la presidenta municipal de Tetipac, B\u00e1rbara Mercado Arce, ante diputadas y diputados de la Comisi\u00f3n de Derechos Humanos del Congreso del Estado, se resolvi\u00f3 cumplir con el pago de un laudo laboral originado desde el 2013 en favor de un trabajador municipal. Con la&#8230;<\/p>\n","protected":false},"author":1,"featured_media":1205,"comment_status":"closed","ping_status":"open","sticky":false,"template":"","format":"standard","meta":{"_monsterinsights_skip_tracking":false,"_monsterinsights_sitenote_active":false,"_monsterinsights_sitenote_note":"","_monsterinsights_sitenote_category":0,"footnotes":""},"categories":[3,30],"tags":[],"class_list":["post-1202","post","type-post","status-publish","format-standard","has-post-thumbnail","hentry","category-boletin","category-leticia-mosso-hernandez"],"aioseo_notices":[],"_links":{"self":[{"href":"https:\/\/congresogro.gob.mx\/63\/inicio\/wp-json\/wp\/v2\/posts\/1202","targetHints":{"allow":["GET"]}}],"collection":[{"href":"https:\/\/congresogro.gob.mx\/63\/inicio\/wp-json\/wp\/v2\/posts"}],"about":[{"href":"https:\/\/congresogro.gob.mx\/63\/inicio\/wp-json\/wp\/v2\/types\/post"}],"author":[{"embeddable":true,"href":"https:\/\/congresogro.gob.mx\/63\/inicio\/wp-json\/wp\/v2\/users\/1"}],"replies":[{"embeddable":true,"href":"https:\/\/congresogro.gob.mx\/63\/inicio\/wp-json\/wp\/v2\/comments?post=1202"}],"version-history":[{"count":1,"href":"https:\/\/congresogro.gob.mx\/63\/inicio\/wp-json\/wp\/v2\/posts\/1202\/revisions"}],"predecessor-version":[{"id":1204,"href":"https:\/\/congresogro.gob.mx\/63\/inicio\/wp-json\/wp\/v2\/posts\/1202\/revisions\/1204"}],"wp:featuredmedia":[{"embeddable":true,"href":"https:\/\/congresogro.gob.mx\/63\/inicio\/wp-json\/wp\/v2\/media\/1205"}],"wp:attachment":[{"href":"https:\/\/congresogro.gob.mx\/63\/inicio\/wp-json\/wp\/v2\/media?parent=1202"}],"wp:term":[{"taxonomy":"category","embeddable":true,"href":"https:\/\/congresogro.gob.mx\/63\/inicio\/wp-json\/wp\/v2\/categories?post=1202"},{"taxonomy":"post_tag","embeddable":true,"href":"https:\/\/congresogro.gob.mx\/63\/inicio\/wp-json\/wp\/v2\/tags?post=1202"}],"curies":[{"name":"wp","href":"https:\/\/api.w.org\/{rel}","templated":true}]}}