{"id":1171,"date":"2021-11-26T09:13:27","date_gmt":"2021-11-26T15:13:27","guid":{"rendered":"https:\/\/congresogro.gob.mx\/63\/inicio\/?p=1171"},"modified":"2021-11-29T09:14:30","modified_gmt":"2021-11-29T15:14:30","slug":"analizan-en-el-congreso-la-creacion-de-un-fondo-de-microfinanciamiento-para-el-sector-rural-de-guerrero","status":"publish","type":"post","link":"https:\/\/congresogro.gob.mx\/63\/inicio\/2021\/11\/26\/analizan-en-el-congreso-la-creacion-de-un-fondo-de-microfinanciamiento-para-el-sector-rural-de-guerrero\/","title":{"rendered":"ANALIZAN EN EL CONGRESO LA CREACI\u00d3N DE UN FONDO DE MICROFINANCIAMIENTO PARA EL SECTOR RURAL DE GUERRERO"},"content":{"rendered":"<p style=\"text-align: justify;\"><strong>Chilpancingo, Gro., 26 de noviembre 2021.-<\/strong> El diputado Alfredo S\u00e1nchez Esquivel, presidente de la Junta de Coordinaci\u00f3n Pol\u00edtica del Congreso, particip\u00f3 en una mesa de trabajo con funcionarios estatales para analizar la creaci\u00f3n del Fondo de Microfinanciamiento del Estado de Guerrero, que brinde apoyo a las cadenas productivas de gran valor del sector agroalimentario y a la proveedur\u00eda local de la Industria Minera.<\/p>\n<p style=\"text-align: justify;\">Reunidos al interior del Recinto Legislativo, representantes de Fideicomisos Instituidos en Relaci\u00f3n con la Agricultura (FIRA) expusieron los planes y estrategias con que pueden acceder a los fondos de financiamiento para impulsar a las empresas de Guerrero y fortalecer su competitividad.<\/p>\n<p style=\"text-align: justify;\">El legislador se congratul\u00f3 por el inter\u00e9s de la nueva administraci\u00f3n estatal de dise\u00f1ar esquemas de financiamiento para el campo de Guerrero, que fortalezcan el trabajo de quienes viven en el medio rural, en especial hoy que se resiente el impacto negativo en todos los sectores econ\u00f3micos, derivado de la pandemia de Covid.<\/p>\n<p style=\"text-align: justify;\">Agreg\u00f3 que el Congreso del Estado es un espacio para atender los diferentes sectores productivos y har\u00e1 lo propio y conducente para adecuar la legislaci\u00f3n y el impulso presupuestal que facilite y d\u00e9 certeza a la dotaci\u00f3n de cr\u00e9ditos y garant\u00edas, creando condiciones para la inversi\u00f3n. \u201cSi vamos juntos se lograr\u00e1n condiciones para apuntalar el desarrollo del Estado\u201d, apunt\u00f3.<\/p>\n<p style=\"text-align: justify;\">En ese sentido, indic\u00f3 que ya es tiempo de comenzar a pagar la deuda hist\u00f3rica con el campo de Guerrero, para lo cual la instituci\u00f3n FIRA-Banco de M\u00e9xico, que sustenta sus apoyos en cr\u00e9ditos, ser\u00e1 vital para poder llevar la capacitaci\u00f3n, infraestructura, acompa\u00f1amiento t\u00e9cnico y flujo de conocimiento a los productores guerrerenses, que se traduzca en mayor producci\u00f3n y m\u00e1s valor a los productos.<\/p>\n<p style=\"text-align: justify;\">S\u00e1nchez Esquivel adelant\u00f3 que establecer\u00e1 contacto con las y los diputados de la Comisi\u00f3n del ramo en el Congreso, previendo que con esta iniciativa se podr\u00e1 fortalecer la actividad industrial y dar impulso a la producci\u00f3n primaria.<\/p>\n<p style=\"text-align: justify;\">Dijo por \u00faltimo que tambi\u00e9n ser\u00e1 importante incorporar en el esquema los ayuntamientos de la entidad, porque son los m\u00e1s cercanos conocedores de las condiciones y necesidades del sector.<\/p>\n<p style=\"text-align: justify;\">Participaron en la reuni\u00f3n el Dr. Jorge Peto Calder\u00f3n, titular de la Secretar\u00eda de Agricultura, Ganader\u00eda, Pesca y Desarrollo Rural; la Maestra Teodora Ram\u00edrez Vega, secretaria de Fomento y Desarrollo Econ\u00f3mico; Adalid P\u00e9rez Galeana, subsecretario de Agricultura e Infraestructura Rural estatal, y el Residente en el Estado de los Fideicomisos Instituidos en Relaci\u00f3n con la Agricultura (FIRA), Abel Rojas Calder\u00f3n.<\/p>\n","protected":false},"excerpt":{"rendered":"<p>Chilpancingo, Gro., 26 de noviembre 2021.- El diputado Alfredo S\u00e1nchez Esquivel, presidente de la Junta de Coordinaci\u00f3n Pol\u00edtica del Congreso, particip\u00f3 en una mesa de trabajo con funcionarios estatales para analizar la creaci\u00f3n del Fondo de Microfinanciamiento del Estado de Guerrero, que brinde apoyo a las cadenas productivas de gran valor del sector agroalimentario y&#8230;<\/p>\n","protected":false},"author":1,"featured_media":1173,"comment_status":"closed","ping_status":"open","sticky":false,"template":"","format":"standard","meta":{"_monsterinsights_skip_tracking":false,"_monsterinsights_sitenote_active":false,"_monsterinsights_sitenote_note":"","_monsterinsights_sitenote_category":0,"footnotes":""},"categories":[4,3],"tags":[],"class_list":["post-1171","post","type-post","status-publish","format-standard","has-post-thumbnail","hentry","category-alfredo-sanchez-esquivel","category-boletin"],"aioseo_notices":[],"_links":{"self":[{"href":"https:\/\/congresogro.gob.mx\/63\/inicio\/wp-json\/wp\/v2\/posts\/1171","targetHints":{"allow":["GET"]}}],"collection":[{"href":"https:\/\/congresogro.gob.mx\/63\/inicio\/wp-json\/wp\/v2\/posts"}],"about":[{"href":"https:\/\/congresogro.gob.mx\/63\/inicio\/wp-json\/wp\/v2\/types\/post"}],"author":[{"embeddable":true,"href":"https:\/\/congresogro.gob.mx\/63\/inicio\/wp-json\/wp\/v2\/users\/1"}],"replies":[{"embeddable":true,"href":"https:\/\/congresogro.gob.mx\/63\/inicio\/wp-json\/wp\/v2\/comments?post=1171"}],"version-history":[{"count":1,"href":"https:\/\/congresogro.gob.mx\/63\/inicio\/wp-json\/wp\/v2\/posts\/1171\/revisions"}],"predecessor-version":[{"id":1174,"href":"https:\/\/congresogro.gob.mx\/63\/inicio\/wp-json\/wp\/v2\/posts\/1171\/revisions\/1174"}],"wp:featuredmedia":[{"embeddable":true,"href":"https:\/\/congresogro.gob.mx\/63\/inicio\/wp-json\/wp\/v2\/media\/1173"}],"wp:attachment":[{"href":"https:\/\/congresogro.gob.mx\/63\/inicio\/wp-json\/wp\/v2\/media?parent=1171"}],"wp:term":[{"taxonomy":"category","embeddable":true,"href":"https:\/\/congresogro.gob.mx\/63\/inicio\/wp-json\/wp\/v2\/categories?post=1171"},{"taxonomy":"post_tag","embeddable":true,"href":"https:\/\/congresogro.gob.mx\/63\/inicio\/wp-json\/wp\/v2\/tags?post=1171"}],"curies":[{"name":"wp","href":"https:\/\/api.w.org\/{rel}","templated":true}]}}