{"id":1167,"date":"2021-11-26T09:10:55","date_gmt":"2021-11-26T15:10:55","guid":{"rendered":"https:\/\/congresogro.gob.mx\/63\/inicio\/?p=1167"},"modified":"2021-11-29T09:12:48","modified_gmt":"2021-11-29T15:12:48","slug":"presentan-en-el-congreso-el-diagnostico-de-armonizacion-del-marco-legal-federal-y-estatal-para-erradicar-la-violencia-hacia-las-mujeres-y-las-ninas","status":"publish","type":"post","link":"https:\/\/congresogro.gob.mx\/63\/inicio\/2021\/11\/26\/presentan-en-el-congreso-el-diagnostico-de-armonizacion-del-marco-legal-federal-y-estatal-para-erradicar-la-violencia-hacia-las-mujeres-y-las-ninas\/","title":{"rendered":"PRESENTAN EN EL CONGRESO EL DIAGN\u00d3STICO DE ARMONIZACI\u00d3N DEL MARCO LEGAL FEDERAL Y ESTATAL PARA ERRADICAR LA VIOLENCIA HACIA LAS MUJERES Y LAS NI\u00d1AS"},"content":{"rendered":"<p style=\"text-align: justify;\"><strong>Chilpancingo, Gro., 26 de noviembre de 2021<\/strong>.- Este viernes en el Congreso del Estado se present\u00f3 el Diagn\u00f3stico de Armonizaci\u00f3n del Marco Legal Federal y Estatal para Erradicar la Violencia hacia las Mujeres y las Ni\u00f1as, por parte de la iniciativa Spotlight de la ONU Mujeres-M\u00e9xico.<\/p>\n<p style=\"text-align: justify;\">El evento fue encabezado por el y las presidentes de las comisiones legislativas de Las Ni\u00f1as, Ni\u00f1os y Adolescentes, de Para la Igualdad de G\u00e9nero, de Derechos Humanos y de Justicia, Beatriz Mojica Morga, Gabriela Bernal Res\u00e9ndiz, Leticia Mosso Hern\u00e1ndez y Jes\u00fas Parra Garc\u00eda, respectivamente, en el marco de los \u201c16 d\u00edas de activismo contra la violencia de g\u00e9nero\u201d.<\/p>\n<p style=\"text-align: justify;\">Al hacer uso de la palabra, la diputada Beatriz Mojica Morga resalt\u00f3 la importancia de conocer dicho diagn\u00f3stico para estar en condiciones de armonizar las leyes locales con las federales y tener una mayor claridad de los planes y estrategias para proteger los derechos y erradicar la violencia contra las ni\u00f1as y mujeres guerrerenses.<\/p>\n<p style=\"text-align: justify;\">Refiri\u00f3 que con la presentaci\u00f3n de este diagn\u00f3stico se inician los trabajos preparatorios por parte de la LXIII Legislatura para que en los pr\u00f3ximos d\u00edas se instalen mesas con las diferentes agencias de la ONU, e iniciar con el procedimiento de discusi\u00f3n de los ordenamientos.<\/p>\n<p style=\"text-align: justify;\">\u201cEsto es un reto enorme, porque queremos que Guerrero deje de ser noticia de primeras planas a nivel nacional e internacional por hechos de violencia de g\u00e9nero, como la venta de ni\u00f1as, lo que nos obliga como legisladoras y legisladores a trabajar con mayor empe\u00f1o para erradicar esos lastimosos actos\u201d, manifest\u00f3.<\/p>\n<p style=\"text-align: justify;\">En ese sentido, la legisladora se comprometi\u00f3 a poner todo lo que est\u00e9 a su alcance para poder sacar de manera institucional, sin colores partidistas, todas las iniciativas tendentes a eliminar la violencia contra las mujeres y las ni\u00f1as del estado.<\/p>\n<p style=\"text-align: justify;\">Tambi\u00e9n inform\u00f3 que en el mes de enero el Congreso del Estado firmar\u00e1 un convenio institucional con la iniciativa Spotlight de ONU Mujeres-M\u00e9xico para iniciar con los trabajos de modernizaci\u00f3n del marco legal.<\/p>\n<p style=\"text-align: justify;\">Al inaugurar el evento, el secretario de la Junta de Coordinaci\u00f3n Pol\u00edtica del Congreso del Estado, diputado H\u00e9ctor Apreza Patr\u00f3n, manifest\u00f3 que toda su vida ha sido aliado de las mujeres, y se congratul\u00f3 por el inicio de los trabajos no s\u00f3lo para la modernizaci\u00f3n del marco legislativo, sino por la serie de propuestas y programas que tienen que ver con el fortalecimiento de las instituciones y capacidades de las comunidades.<\/p>\n<p style=\"text-align: justify;\">Puntualiz\u00f3 que el tema de la erradicaci\u00f3n de la violencia y el combate a todas las formas de agresi\u00f3n contra la mujer no es s\u00f3lo un tema de las mujeres, sino que es un proceso socio-cultural que involucra a la sociedad en general para generarles mejores condiciones de vida.<\/p>\n<p style=\"text-align: justify;\">Al presentar el diagn\u00f3stico, el coordinador t\u00e9cnico de la Iniciativa Spotlight, David Pe\u00f1a Rodr\u00edguez, explic\u00f3 que desde este an\u00e1lisis est\u00e1 fundamentado en las iniciativas presentadas del 1\u00ba de septiembre de 2018 al 15 de enero de 2020 en el Senado de la Rep\u00fablica, la C\u00e1mara de Diputados del Congreso de la Uni\u00f3n y de los estados de Chihuahua, M\u00e9xico y Guerrero.<\/p>\n<p style=\"text-align: justify;\">Indic\u00f3 que se consideraron las iniciativas que estuvieran relacionadas con una vida libre de violencia, igualdad de g\u00e9nero, discriminaci\u00f3n, derechos sexuales y reproductivos, paridad de g\u00e9nero, acceso a la justicia, feminicidio, violencia sexual, trata de personas, ni\u00f1as, ni\u00f1os y adolescentes, violaciones a derechos humanos y \u00f3rdenes de protecci\u00f3n.<\/p>\n<p style=\"text-align: justify;\">Agreg\u00f3 que una vez realizado el an\u00e1lisis de cada \u00f3rgano legislativo, se lleg\u00f3 a la conclusi\u00f3n de que en el Congreso de Guerrero a\u00fan falta mucho por hacer para garantizar los derechos de las ni\u00f1as y las mujeres, ya que existen varios vac\u00edos legales y no se contempla en las leyes estatales los tipos de violencia, situaci\u00f3n que debe corregirse.<\/p>\n<p style=\"text-align: justify;\">A la presentaci\u00f3n del diagn\u00f3stico acudieron tambi\u00e9n las diputadas Nora Yanek Vel\u00e1zquez Mart\u00ednez, Ana Lenis Res\u00e9ndiz Javier y Mar\u00eda Flores Maldonado, as\u00ed como la coordinadora de la iniciativa Spotlight ONU Mujeres-M\u00e9xico, Nayeli S\u00e1nchez Mac\u00edas.<\/p>\n","protected":false},"excerpt":{"rendered":"<p>Chilpancingo, Gro., 26 de noviembre de 2021.- Este viernes en el Congreso del Estado se present\u00f3 el Diagn\u00f3stico de Armonizaci\u00f3n del Marco Legal Federal y Estatal para Erradicar la Violencia hacia las Mujeres y las Ni\u00f1as, por parte de la iniciativa Spotlight de la ONU Mujeres-M\u00e9xico. El evento fue encabezado por el y las presidentes&#8230;<\/p>\n","protected":false},"author":1,"featured_media":1169,"comment_status":"closed","ping_status":"open","sticky":false,"template":"","format":"standard","meta":{"_monsterinsights_skip_tracking":false,"_monsterinsights_sitenote_active":false,"_monsterinsights_sitenote_note":"","_monsterinsights_sitenote_category":0,"footnotes":""},"categories":[13,3,42,30],"tags":[],"class_list":["post-1167","post","type-post","status-publish","format-standard","has-post-thumbnail","hentry","category-beatriz-mojica-morga","category-boletin","category-gabriela-bernal-resendiz","category-leticia-mosso-hernandez"],"aioseo_notices":[],"_links":{"self":[{"href":"https:\/\/congresogro.gob.mx\/63\/inicio\/wp-json\/wp\/v2\/posts\/1167","targetHints":{"allow":["GET"]}}],"collection":[{"href":"https:\/\/congresogro.gob.mx\/63\/inicio\/wp-json\/wp\/v2\/posts"}],"about":[{"href":"https:\/\/congresogro.gob.mx\/63\/inicio\/wp-json\/wp\/v2\/types\/post"}],"author":[{"embeddable":true,"href":"https:\/\/congresogro.gob.mx\/63\/inicio\/wp-json\/wp\/v2\/users\/1"}],"replies":[{"embeddable":true,"href":"https:\/\/congresogro.gob.mx\/63\/inicio\/wp-json\/wp\/v2\/comments?post=1167"}],"version-history":[{"count":1,"href":"https:\/\/congresogro.gob.mx\/63\/inicio\/wp-json\/wp\/v2\/posts\/1167\/revisions"}],"predecessor-version":[{"id":1170,"href":"https:\/\/congresogro.gob.mx\/63\/inicio\/wp-json\/wp\/v2\/posts\/1167\/revisions\/1170"}],"wp:featuredmedia":[{"embeddable":true,"href":"https:\/\/congresogro.gob.mx\/63\/inicio\/wp-json\/wp\/v2\/media\/1169"}],"wp:attachment":[{"href":"https:\/\/congresogro.gob.mx\/63\/inicio\/wp-json\/wp\/v2\/media?parent=1167"}],"wp:term":[{"taxonomy":"category","embeddable":true,"href":"https:\/\/congresogro.gob.mx\/63\/inicio\/wp-json\/wp\/v2\/categories?post=1167"},{"taxonomy":"post_tag","embeddable":true,"href":"https:\/\/congresogro.gob.mx\/63\/inicio\/wp-json\/wp\/v2\/tags?post=1167"}],"curies":[{"name":"wp","href":"https:\/\/api.w.org\/{rel}","templated":true}]}}