{"id":1154,"date":"2021-11-25T09:19:18","date_gmt":"2021-11-25T15:19:18","guid":{"rendered":"https:\/\/congresogro.gob.mx\/63\/inicio\/?p=1154"},"modified":"2021-11-26T09:20:27","modified_gmt":"2021-11-26T15:20:27","slug":"llaman-desde-el-congreso-para-hacer-una-realidad-la-declaracion-sobre-la-eliminacion-de-la-violencia-contra-la-mujer","status":"publish","type":"post","link":"https:\/\/congresogro.gob.mx\/63\/inicio\/2021\/11\/25\/llaman-desde-el-congreso-para-hacer-una-realidad-la-declaracion-sobre-la-eliminacion-de-la-violencia-contra-la-mujer\/","title":{"rendered":"LLAMAN DESDE EL CONGRESO PARA HACER UNA REALIDAD LA \u201cDECLARACI\u00d3N SOBRE LA ELIMINACI\u00d3N DE LA VIOLENCIA CONTRA LA MUJER\u201d"},"content":{"rendered":"<p style=\"text-align: justify;\"><strong>Chilpancingo, Gro., 25 de noviembre 2021.- <\/strong>Diputadas y diputados se pronunciaron desde la m\u00e1xima tribuna para que la \u201cDeclaraci\u00f3n sobre la eliminaci\u00f3n de la violencia contra la mujer\u201d sea una realidad en Guerrero.<\/p>\n<p style=\"text-align: justify;\">Asimismo, hicieron un llamado a los tres niveles de gobierno, instancias involucradas, sociedad civil y a las y los integrantes de la LXIII Legislatura local para trabajar en pol\u00edticas p\u00fablicas que garanticen el respeto de los derechos humanos y una vida libre de violencia para las ni\u00f1as, adolescentes y mujeres.<\/p>\n<p style=\"text-align: justify;\">En su oportunidad, la diputada Gloria Citlali Calixto Jim\u00e9nez dijo que el \u201cD\u00eda Internacional de la Eliminaci\u00f3n de la Violencia contra la Mujer\u201d que se conmemora cada 25 de noviembre es una fecha de reflexi\u00f3n y concientizaci\u00f3n, ya que hist\u00f3ricamente se ha ejercido distintos tipos de violencia contra las mujeres.<\/p>\n<p style=\"text-align: justify;\">Ante esto, hizo un llamado a la sociedad en general para sumarse a la campa\u00f1a \u00a1\u00danete! que estar\u00e1 impulsando la Comisi\u00f3n Para la Igualdad de G\u00e9nero, y que plantea 16 d\u00edas de activismo, iniciando este d\u00eda y hasta el 10 de diciembre.<\/p>\n<p style=\"text-align: justify;\">Por su parte, la diputada Jessica Ivette Alejo Rayo dijo que pese a los avances legislativos y un amplio trabajo de concientizaci\u00f3n en torno al tema, en M\u00e9xico el 66 por ciento de las mujeres han sufrido un tipo de violencia f\u00edsica, sexual o psicol\u00f3gica, en forma de amenazas, coacci\u00f3n o privaci\u00f3n arbitraria de la libertad, hasta el acto extremo del asesinato.<\/p>\n<p style=\"text-align: justify;\">Ante este panorama y problem\u00e1tica social, se sum\u00f3 al llamado de trabajar desde todos los \u00e1mbitos para el fortalecimiento de los instrumentos que eliminen todo tipo de discriminaci\u00f3n y violencia, con el objetivo primordial de garantizar los derechos humanos de las ni\u00f1as y mujeres guerrerenses.<\/p>\n<p style=\"text-align: justify;\">De igual manera, resalt\u00f3 la importancia de impulsar iniciativas tendentes a construir una sociedad cada vez m\u00e1s equitativa y justa, ya que como parte del Estado, es responsabilidad del Congreso garantizar el ejercicio pleno a una vida libre de violencia.<\/p>\n<p style=\"text-align: justify;\">Mientras que la diputada Yanelly Hern\u00e1ndez Mart\u00ednez extern\u00f3 que la violencia contra las mujeres va en crecimiento, lo que hace imperante fortalecer las pol\u00edticas p\u00fablicas que erradiquen desde la ra\u00edz esta conducta social que es un asunto de todas y todos y que amerita una amplia concientizaci\u00f3n ciudadana, desarrollando actividades dirigidas a la sensibilizaci\u00f3n de la opini\u00f3n p\u00fablica respecto del problema.<\/p>\n<p style=\"text-align: justify;\">Al respecto, tambi\u00e9n se pronunci\u00f3 el diputado Joaqu\u00edn Badillo Escamilla, quien dijo que la lucha que han dado miles de mujeres en el mundo se debe de reconocer, y resalt\u00f3 los avances que existen en la materia, como es el caso el primer Congreso paritario de Guerrero y el hecho de que quien encabeza el Ejecutivo estatal es una mujer.<\/p>\n<p style=\"text-align: justify;\">El legislador consider\u00f3 necesario continuar con las acciones que garanticen los derechos plenos de las mujeres, ya que la misoginia y el machismo est\u00e1n presentes en la actualidad.<\/p>\n<p style=\"text-align: justify;\">Por su parte, la diputada Marben de la Cruz Santiago hizo un llamado en\u00e9rgico para erradicar la venta de ni\u00f1as y mujeres, as\u00ed como los matrimonios forzados, pr\u00e1cticas que a\u00fan se registran en municipios del estado con mayor marginaci\u00f3n.<\/p>\n<p style=\"text-align: justify;\">La legisladora resalt\u00f3 la necesidad de implementar acciones para construir una vida libre de violencia, e hizo un llamado a los padres de familia y familiares, as\u00ed como a los tres niveles de gobierno y las autoridades comunitarias, para garantizar los derechos de este sector.<\/p>\n<p style=\"text-align: justify;\">Tambi\u00e9n la diputada Gabriela Bernal Res\u00e9ndiz resalt\u00f3 que la erradicaci\u00f3n de la violencia contra las mujeres debe ser un ejercicio coordinado entre sociedad y gobierno, poderes p\u00fablicos y sector privado, por lo que convoc\u00f3 a sus hom\u00f3logos a revisar la legislaci\u00f3n, identificando las problem\u00e1ticas sociales y elaborando pol\u00edticas p\u00fablicas en consecuencia.<\/p>\n<p style=\"text-align: justify;\">A\u00f1adi\u00f3 que como legisladoras se tienen que unir todas en un pacto sororal, que logre desaparecer los colores y fobias partidistas.<\/p>\n<p style=\"text-align: justify;\">Por \u00faltimo, la diputada Nora Vel\u00e1zquez Mart\u00ednez se sum\u00f3 al llamado de sus hom\u00f3logos por considerar que la violencia contra las mujeres es un problema global, y que a pesar de muchos esfuerzos emprendidos, a\u00fan no se logra la paz social ni una sociedad igualitaria y democr\u00e1tica.<\/p>\n<p style=\"text-align: justify;\">Llam\u00f3 tambi\u00e9n a hacer efectiva la Alerta de Violencia de G\u00e9nero implementada en el estado, ya que hasta el momento contin\u00faa sin efectos positivos.<\/p>\n","protected":false},"excerpt":{"rendered":"<p>Chilpancingo, Gro., 25 de noviembre 2021.- Diputadas y diputados se pronunciaron desde la m\u00e1xima tribuna para que la \u201cDeclaraci\u00f3n sobre la eliminaci\u00f3n de la violencia contra la mujer\u201d sea una realidad en Guerrero. Asimismo, hicieron un llamado a los tres niveles de gobierno, instancias involucradas, sociedad civil y a las y los integrantes de la&#8230;<\/p>\n","protected":false},"author":1,"featured_media":1156,"comment_status":"closed","ping_status":"open","sticky":false,"template":"","format":"standard","meta":{"_monsterinsights_skip_tracking":false,"_monsterinsights_sitenote_active":false,"_monsterinsights_sitenote_note":"","_monsterinsights_sitenote_category":0,"footnotes":""},"categories":[3,21],"tags":[],"class_list":["post-1154","post","type-post","status-publish","format-standard","has-post-thumbnail","hentry","category-boletin","category-gloria-citlali-calixto-jimenez"],"aioseo_notices":[],"_links":{"self":[{"href":"https:\/\/congresogro.gob.mx\/63\/inicio\/wp-json\/wp\/v2\/posts\/1154","targetHints":{"allow":["GET"]}}],"collection":[{"href":"https:\/\/congresogro.gob.mx\/63\/inicio\/wp-json\/wp\/v2\/posts"}],"about":[{"href":"https:\/\/congresogro.gob.mx\/63\/inicio\/wp-json\/wp\/v2\/types\/post"}],"author":[{"embeddable":true,"href":"https:\/\/congresogro.gob.mx\/63\/inicio\/wp-json\/wp\/v2\/users\/1"}],"replies":[{"embeddable":true,"href":"https:\/\/congresogro.gob.mx\/63\/inicio\/wp-json\/wp\/v2\/comments?post=1154"}],"version-history":[{"count":1,"href":"https:\/\/congresogro.gob.mx\/63\/inicio\/wp-json\/wp\/v2\/posts\/1154\/revisions"}],"predecessor-version":[{"id":1157,"href":"https:\/\/congresogro.gob.mx\/63\/inicio\/wp-json\/wp\/v2\/posts\/1154\/revisions\/1157"}],"wp:featuredmedia":[{"embeddable":true,"href":"https:\/\/congresogro.gob.mx\/63\/inicio\/wp-json\/wp\/v2\/media\/1156"}],"wp:attachment":[{"href":"https:\/\/congresogro.gob.mx\/63\/inicio\/wp-json\/wp\/v2\/media?parent=1154"}],"wp:term":[{"taxonomy":"category","embeddable":true,"href":"https:\/\/congresogro.gob.mx\/63\/inicio\/wp-json\/wp\/v2\/categories?post=1154"},{"taxonomy":"post_tag","embeddable":true,"href":"https:\/\/congresogro.gob.mx\/63\/inicio\/wp-json\/wp\/v2\/tags?post=1154"}],"curies":[{"name":"wp","href":"https:\/\/api.w.org\/{rel}","templated":true}]}}