{"id":1089,"date":"2021-11-22T10:13:32","date_gmt":"2021-11-22T16:13:32","guid":{"rendered":"https:\/\/congresogro.gob.mx\/63\/inicio\/?p=1089"},"modified":"2021-11-23T10:15:29","modified_gmt":"2021-11-23T16:15:29","slug":"plantean-crear-la-unidad-de-archivo-en-la-estructura-del-congreso-del-estado","status":"publish","type":"post","link":"https:\/\/congresogro.gob.mx\/63\/inicio\/2021\/11\/22\/plantean-crear-la-unidad-de-archivo-en-la-estructura-del-congreso-del-estado\/","title":{"rendered":"PLANTEAN CREAR LA UNIDAD DE ARCHIVO  EN LA ESTRUCTURA DEL CONGRESO DEL ESTADO"},"content":{"rendered":"<p style=\"text-align: justify;\"><strong>Chilpancingo, Gro., 22 de noviembre de 2021.-<\/strong> El diputado <a href=\"https:\/\/www.facebook.com\/osbaldoriosmanrique\/?__cft__%5b0%5d=AZX937nU7YPpo284Y2d4krORHAmW8EtdNa2kOcZwVxNzTrM70HMNjS8vNo6FXEt1e-3tGT4KyB2bQEbtD76681kS3S_pUavSLDqN2oCiLdtmlzwIhRKc6RrxbPeH9SiZyXqL_Difr3Tqb5HnBSBiXXng&amp;__tn__=kK-R\">Osbaldo R\u00edos<\/a> Manrique present\u00f3 una iniciativa de adici\u00f3n a la Ley Org\u00e1nica del Poder Legislativo para crear la Unidad de Archivo en la estructura del Congreso del Estado, que ser\u00e1 la encargada de cumplir con la responsabilidad de establecer los principios y bases generales para la organizaci\u00f3n, conservaci\u00f3n, administraci\u00f3n y preservaci\u00f3n homog\u00e9nea de los archivos de esta instituci\u00f3n.<\/p>\n<p style=\"text-align: justify;\">El legislador indic\u00f3 que actualmente el Congreso de Guerrero no cuenta en su estructura org\u00e1nica con una unidad de este tipo que desarrolle trabajos de manera coordinada con otras instituciones, para dar cumplimiento a lo mandatado por la Ley en menci\u00f3n.<\/p>\n<p style=\"text-align: justify;\">Se refiri\u00f3 a que a la Ley de Archivos del Estado de Guerrero y sus Municipios establece que los sujetos obligados, entre los que se encuentra el Poder Legislativo, deber\u00e1n constituir y mantener funcionales y actualizados sus sistemas de archivo y gesti\u00f3n documental.<\/p>\n<p style=\"text-align: justify;\">La iniciativa tiene la finalidad de garantizar la organizaci\u00f3n, conservaci\u00f3n y preservaci\u00f3n de los archivos con el objeto de respetar el derecho a la verdad y el acceso a la informaci\u00f3n, as\u00ed como fomentar el conocimiento del patrimonio documental del estado.<\/p>\n<p style=\"text-align: justify;\">En ese sentido, manifest\u00f3 que el Poder Legislativo tiene la obligaci\u00f3n de colocar en la agenda p\u00fablica, como un tema de debate, tales derechos, no s\u00f3lo para su incorporaci\u00f3n al marco normativo, sino considerando tambi\u00e9n el ejercicio pleno de su contenido por parte de los derechohabientes.<\/p>\n<p style=\"text-align: justify;\">Por \u00faltimo, convoc\u00f3 a que el Congreso de Guerrero garantice que todos sus servidores p\u00fablicos construyan y mantengan funcionando y actualizados sus sistemas de archivo y gesti\u00f3n documental, para garantizar la transparencia y rendici\u00f3n de cuentas en el desempe\u00f1o de sus funciones p\u00fablicas.<\/p>\n<p style=\"text-align: justify;\">La propuesta fue turnada a la Comisi\u00f3n de Estudios Constitucionales y Jur\u00eddicos para su respectivo an\u00e1lisis y dictaminaci\u00f3n.<\/p>\n","protected":false},"excerpt":{"rendered":"<p>Chilpancingo, Gro., 22 de noviembre de 2021.- El diputado Osbaldo R\u00edos Manrique present\u00f3 una iniciativa de adici\u00f3n a la Ley Org\u00e1nica del Poder Legislativo para crear la Unidad de Archivo en la estructura del Congreso del Estado, que ser\u00e1 la encargada de cumplir con la responsabilidad de establecer los principios y bases generales para la&#8230;<\/p>\n","protected":false},"author":1,"featured_media":1091,"comment_status":"closed","ping_status":"open","sticky":false,"template":"","format":"standard","meta":{"_monsterinsights_skip_tracking":false,"_monsterinsights_sitenote_active":false,"_monsterinsights_sitenote_note":"","_monsterinsights_sitenote_category":0,"footnotes":""},"categories":[3,33],"tags":[],"class_list":["post-1089","post","type-post","status-publish","format-standard","has-post-thumbnail","hentry","category-boletin","category-osbaldo-rios-manrique"],"aioseo_notices":[],"_links":{"self":[{"href":"https:\/\/congresogro.gob.mx\/63\/inicio\/wp-json\/wp\/v2\/posts\/1089","targetHints":{"allow":["GET"]}}],"collection":[{"href":"https:\/\/congresogro.gob.mx\/63\/inicio\/wp-json\/wp\/v2\/posts"}],"about":[{"href":"https:\/\/congresogro.gob.mx\/63\/inicio\/wp-json\/wp\/v2\/types\/post"}],"author":[{"embeddable":true,"href":"https:\/\/congresogro.gob.mx\/63\/inicio\/wp-json\/wp\/v2\/users\/1"}],"replies":[{"embeddable":true,"href":"https:\/\/congresogro.gob.mx\/63\/inicio\/wp-json\/wp\/v2\/comments?post=1089"}],"version-history":[{"count":1,"href":"https:\/\/congresogro.gob.mx\/63\/inicio\/wp-json\/wp\/v2\/posts\/1089\/revisions"}],"predecessor-version":[{"id":1092,"href":"https:\/\/congresogro.gob.mx\/63\/inicio\/wp-json\/wp\/v2\/posts\/1089\/revisions\/1092"}],"wp:featuredmedia":[{"embeddable":true,"href":"https:\/\/congresogro.gob.mx\/63\/inicio\/wp-json\/wp\/v2\/media\/1091"}],"wp:attachment":[{"href":"https:\/\/congresogro.gob.mx\/63\/inicio\/wp-json\/wp\/v2\/media?parent=1089"}],"wp:term":[{"taxonomy":"category","embeddable":true,"href":"https:\/\/congresogro.gob.mx\/63\/inicio\/wp-json\/wp\/v2\/categories?post=1089"},{"taxonomy":"post_tag","embeddable":true,"href":"https:\/\/congresogro.gob.mx\/63\/inicio\/wp-json\/wp\/v2\/tags?post=1089"}],"curies":[{"name":"wp","href":"https:\/\/api.w.org\/{rel}","templated":true}]}}