{"id":1072,"date":"2021-11-19T11:13:21","date_gmt":"2021-11-19T17:13:21","guid":{"rendered":"https:\/\/congresogro.gob.mx\/63\/inicio\/?p=1072"},"modified":"2021-11-22T11:14:34","modified_gmt":"2021-11-22T17:14:34","slug":"el-congreso-sera-puente-para-la-solucion-de-demandas-del-sutcobach-ofrecen-diputados","status":"publish","type":"post","link":"https:\/\/congresogro.gob.mx\/63\/inicio\/2021\/11\/19\/el-congreso-sera-puente-para-la-solucion-de-demandas-del-sutcobach-ofrecen-diputados\/","title":{"rendered":"EL CONGRESO SER\u00c1 PUENTE PARA LA SOLUCI\u00d3N DE  DEMANDAS DEL SUTCOBACH, OFRECEN DIPUTADOS"},"content":{"rendered":"<p style=\"text-align: justify;\"><strong>Chilpancingo, Gro., 19 de noviembre 2021.- <\/strong>El presidente de la Junta de Coordinaci\u00f3n Pol\u00edtica del Congreso del Estado, diputado Alfredo S\u00e1nchez Esquivel, junto con el diputado Osbaldo R\u00edos Manrique atendieron a Integrantes del Sindicato \u00danico de Trabajadores del Colegio de Bachilleres (Sutcobach), quienes solicitaron la intervenci\u00f3n del Poder Legislativo para la soluci\u00f3n de sus demandas laborales.<\/p>\n<p style=\"text-align: justify;\">Durante la mesa de di\u00e1logo que sostuvieron al interior del Recinto Legislativo, los docentes y trabajadores informaron un emplazamiento a huelga y solicitaron a los legisladores su intervenci\u00f3n ante el director general del Cobach y el Gobierno del Estado para que den soluci\u00f3n a su pliego petitorio, que consiste en aumento salarial, prestaciones y pago a jubilados de 2016, adem\u00e1s de ser considerados en el Presupuesto Estatal de Egresos 2022.<\/p>\n<p style=\"text-align: justify;\">Al respecto, el diputado Alfredo S\u00e1nchez Esquivel les asegur\u00f3 que tender\u00e1n puentes de di\u00e1logo con las instancias pertinentes y el Ejecutivo estatal en busca de pronta respuesta a las demandas laborales, reiterando que ser\u00e1n respetuosos de la esfera de competencia de cada uno de los poderes.<\/p>\n<p style=\"text-align: justify;\">En relaci\u00f3n con el Presupuesto 2022, inform\u00f3 que est\u00e1n actualmente en el an\u00e1lisis de la Ley de Ingresos y posteriormente de Egresos, en el que deber\u00e1n considerar al Colegio de Bachilleres por ser una importante instituci\u00f3n en el estado que ha impulsado a un gran n\u00famero de profesionistas.<\/p>\n<p style=\"text-align: justify;\">Por su parte, el diputado Osbaldo R\u00edos reiter\u00f3 que buscar\u00e1n todas las v\u00edas de soluci\u00f3n al pliego petitorio, y anticip\u00f3 que se elaborar\u00e1 un exhorto a las autoridades competentes para que establezcan mesas de di\u00e1logo y negociaci\u00f3n con las y los trabajadores, que ofrezcan alternativas de soluci\u00f3n a sus demandas laborales.<\/p>\n","protected":false},"excerpt":{"rendered":"<p>Chilpancingo, Gro., 19 de noviembre 2021.- El presidente de la Junta de Coordinaci\u00f3n Pol\u00edtica del Congreso del Estado, diputado Alfredo S\u00e1nchez Esquivel, junto con el diputado Osbaldo R\u00edos Manrique atendieron a Integrantes del Sindicato \u00danico de Trabajadores del Colegio de Bachilleres (Sutcobach), quienes solicitaron la intervenci\u00f3n del Poder Legislativo para la soluci\u00f3n de sus demandas&#8230;<\/p>\n","protected":false},"author":1,"featured_media":1074,"comment_status":"closed","ping_status":"open","sticky":false,"template":"","format":"standard","meta":{"_monsterinsights_skip_tracking":false,"_monsterinsights_sitenote_active":false,"_monsterinsights_sitenote_note":"","_monsterinsights_sitenote_category":0,"footnotes":""},"categories":[4,3,33],"tags":[],"class_list":["post-1072","post","type-post","status-publish","format-standard","has-post-thumbnail","hentry","category-alfredo-sanchez-esquivel","category-boletin","category-osbaldo-rios-manrique"],"aioseo_notices":[],"_links":{"self":[{"href":"https:\/\/congresogro.gob.mx\/63\/inicio\/wp-json\/wp\/v2\/posts\/1072","targetHints":{"allow":["GET"]}}],"collection":[{"href":"https:\/\/congresogro.gob.mx\/63\/inicio\/wp-json\/wp\/v2\/posts"}],"about":[{"href":"https:\/\/congresogro.gob.mx\/63\/inicio\/wp-json\/wp\/v2\/types\/post"}],"author":[{"embeddable":true,"href":"https:\/\/congresogro.gob.mx\/63\/inicio\/wp-json\/wp\/v2\/users\/1"}],"replies":[{"embeddable":true,"href":"https:\/\/congresogro.gob.mx\/63\/inicio\/wp-json\/wp\/v2\/comments?post=1072"}],"version-history":[{"count":1,"href":"https:\/\/congresogro.gob.mx\/63\/inicio\/wp-json\/wp\/v2\/posts\/1072\/revisions"}],"predecessor-version":[{"id":1075,"href":"https:\/\/congresogro.gob.mx\/63\/inicio\/wp-json\/wp\/v2\/posts\/1072\/revisions\/1075"}],"wp:featuredmedia":[{"embeddable":true,"href":"https:\/\/congresogro.gob.mx\/63\/inicio\/wp-json\/wp\/v2\/media\/1074"}],"wp:attachment":[{"href":"https:\/\/congresogro.gob.mx\/63\/inicio\/wp-json\/wp\/v2\/media?parent=1072"}],"wp:term":[{"taxonomy":"category","embeddable":true,"href":"https:\/\/congresogro.gob.mx\/63\/inicio\/wp-json\/wp\/v2\/categories?post=1072"},{"taxonomy":"post_tag","embeddable":true,"href":"https:\/\/congresogro.gob.mx\/63\/inicio\/wp-json\/wp\/v2\/tags?post=1072"}],"curies":[{"name":"wp","href":"https:\/\/api.w.org\/{rel}","templated":true}]}}