{"id":1068,"date":"2021-11-19T11:11:46","date_gmt":"2021-11-19T17:11:46","guid":{"rendered":"https:\/\/congresogro.gob.mx\/63\/inicio\/?p=1068"},"modified":"2021-11-22T11:13:05","modified_gmt":"2021-11-22T17:13:05","slug":"convocan-a-participar-en-la-feria-artesanal-cultural-y-gastronomica-2021-en-el-congreso-del-estado","status":"publish","type":"post","link":"https:\/\/congresogro.gob.mx\/63\/inicio\/2021\/11\/19\/convocan-a-participar-en-la-feria-artesanal-cultural-y-gastronomica-2021-en-el-congreso-del-estado\/","title":{"rendered":"CONVOCAN A PARTICIPAR EN LA FERIA ARTESANAL, CULTURAL  Y GASTRON\u00d3MICA 2021, EN EL CONGRESO DEL ESTADO"},"content":{"rendered":"<p style=\"text-align: justify;\"><strong>Chilpancingo, Gro., 19 de noviembre de 2021.- <\/strong>El Congreso del Estado, a trav\u00e9s de las Comisiones de Artesan\u00edas, de Cultura y de Asuntos Ind\u00edgenas y Afromexicanos convoca a artesanos, ayuntamientos y p\u00fablico en general a participar en la \u201cFeria Artesanal, cultural y gastron\u00f3mica 2021\u201d que se llevar\u00e1 a cabo del 30 de noviembre al 2 de diciembre de este a\u00f1o en las instalaciones del Poder Legislativo.<\/p>\n<p style=\"text-align: justify;\">El evento tiene el prop\u00f3sito de fomentar y promover la cultura, gastronom\u00eda, artesan\u00edas y otras expresiones tradicionales de todos los municipios de la entidad, as\u00ed como generar un lazo directo entre el ciudadano y el artesano para la adquisici\u00f3n de productos, que permita una mayor inclusi\u00f3n econ\u00f3mica de este sector.<\/p>\n<p style=\"text-align: justify;\">Las y los artesanos podr\u00e1n registrar sus productos o exposiciones del 18 al 23 de noviembre de este a\u00f1o en las comisiones convocantes y\/o a trav\u00e9s de los correos electr\u00f3nicos <a href=\"mailto:mariaflores@congresogro.gob.mx\">mariaflores@congresogro.gob.mx<\/a>, <a href=\"mailto:dipjennyfergarcia@gmail.com\">dipjennyfergarcia@gmail.com<\/a> y marbendelacruz@congreso.gob.mx, o llamando a los n\u00fameros de tel\u00e9fono 747-471-8435 extensi\u00f3n 2022 y 2023, 747-471-8471 ext. 3042 y 747-471-8400 ext. 3052.<\/p>\n<p style=\"text-align: justify;\">Las propuestas deber\u00e1n incluir el portafolio de productos a exponer, lista de precios, nombre, copia de la credencial de elector y hoja de vida de la o el artesano o productor.<\/p>\n<p style=\"text-align: justify;\">Los productos a exhibir tendr\u00e1n que ser de artesanas o artesanos residentes de alguno de los 81 municipios de Guerrero y\/o gastronom\u00eda t\u00edpica de alg\u00fan municipio realizada bajo t\u00e9cnicas tradicionales, contempor\u00e1neas o mixtas.<\/p>\n<p style=\"text-align: justify;\">Esta feria se realizar\u00e1 del 30 de noviembre al 2 de diciembre de este a\u00f1o en el estacionamiento del Congreso del Estado, misma que prev\u00e9 contar con por lo menos con 100 artesanas y artesanos, y estar\u00e1 abierta al p\u00fablico en general a partir de las 10 de la ma\u00f1ana.<\/p>\n<p style=\"text-align: justify;\">La Comisi\u00f3n de Cultura es presidida por la diputada Mar\u00eda Flores Maldonado; de Cultura la diputada Jennyfer Garc\u00eda Lucena y de y la de Asuntos Ind\u00edgenas la diputada Marben de la Cruz Santiago.<\/p>\n","protected":false},"excerpt":{"rendered":"<p>Chilpancingo, Gro., 19 de noviembre de 2021.- El Congreso del Estado, a trav\u00e9s de las Comisiones de Artesan\u00edas, de Cultura y de Asuntos Ind\u00edgenas y Afromexicanos convoca a artesanos, ayuntamientos y p\u00fablico en general a participar en la \u201cFeria Artesanal, cultural y gastron\u00f3mica 2021\u201d que se llevar\u00e1 a cabo del 30 de noviembre al 2&#8230;<\/p>\n","protected":false},"author":1,"featured_media":1070,"comment_status":"closed","ping_status":"open","sticky":false,"template":"","format":"standard","meta":{"_monsterinsights_skip_tracking":false,"_monsterinsights_sitenote_active":false,"_monsterinsights_sitenote_note":"","_monsterinsights_sitenote_category":0,"footnotes":""},"categories":[3,35,12,28],"tags":[],"class_list":["post-1068","post","type-post","status-publish","format-standard","has-post-thumbnail","hentry","category-boletin","category-jennyfer-garcia-lucena","category-marben-de-la-cruz-santiago","category-maria-flores-maldonado"],"aioseo_notices":[],"_links":{"self":[{"href":"https:\/\/congresogro.gob.mx\/63\/inicio\/wp-json\/wp\/v2\/posts\/1068","targetHints":{"allow":["GET"]}}],"collection":[{"href":"https:\/\/congresogro.gob.mx\/63\/inicio\/wp-json\/wp\/v2\/posts"}],"about":[{"href":"https:\/\/congresogro.gob.mx\/63\/inicio\/wp-json\/wp\/v2\/types\/post"}],"author":[{"embeddable":true,"href":"https:\/\/congresogro.gob.mx\/63\/inicio\/wp-json\/wp\/v2\/users\/1"}],"replies":[{"embeddable":true,"href":"https:\/\/congresogro.gob.mx\/63\/inicio\/wp-json\/wp\/v2\/comments?post=1068"}],"version-history":[{"count":1,"href":"https:\/\/congresogro.gob.mx\/63\/inicio\/wp-json\/wp\/v2\/posts\/1068\/revisions"}],"predecessor-version":[{"id":1071,"href":"https:\/\/congresogro.gob.mx\/63\/inicio\/wp-json\/wp\/v2\/posts\/1068\/revisions\/1071"}],"wp:featuredmedia":[{"embeddable":true,"href":"https:\/\/congresogro.gob.mx\/63\/inicio\/wp-json\/wp\/v2\/media\/1070"}],"wp:attachment":[{"href":"https:\/\/congresogro.gob.mx\/63\/inicio\/wp-json\/wp\/v2\/media?parent=1068"}],"wp:term":[{"taxonomy":"category","embeddable":true,"href":"https:\/\/congresogro.gob.mx\/63\/inicio\/wp-json\/wp\/v2\/categories?post=1068"},{"taxonomy":"post_tag","embeddable":true,"href":"https:\/\/congresogro.gob.mx\/63\/inicio\/wp-json\/wp\/v2\/tags?post=1068"}],"curies":[{"name":"wp","href":"https:\/\/api.w.org\/{rel}","templated":true}]}}