{"id":1064,"date":"2021-11-19T11:09:33","date_gmt":"2021-11-19T17:09:33","guid":{"rendered":"https:\/\/congresogro.gob.mx\/63\/inicio\/?p=1064"},"modified":"2021-11-22T11:11:25","modified_gmt":"2021-11-22T17:11:25","slug":"comision-de-atencion-a-las-personas-con-discapacidad-impulsara-el-perfeccionamiento-del-marco-juridico-para-erradicar-la-discriminacion-y-ampliar-la-inclusion-de-este-sector-vulnerable","status":"publish","type":"post","link":"https:\/\/congresogro.gob.mx\/63\/inicio\/2021\/11\/19\/comision-de-atencion-a-las-personas-con-discapacidad-impulsara-el-perfeccionamiento-del-marco-juridico-para-erradicar-la-discriminacion-y-ampliar-la-inclusion-de-este-sector-vulnerable\/","title":{"rendered":"COMISI\u00d3N DE ATENCI\u00d3N A LAS PERSONAS CON DISCAPACIDAD IMPULSAR\u00c1 EL PERFECCIONAMIENTO DEL MARCO JUR\u00cdDICO PARA ERRADICAR LA DISCRIMINACI\u00d3N Y AMPLIAR LA INCLUSI\u00d3N DE ESTE SECTOR VULNERABLE"},"content":{"rendered":"<p style=\"text-align: justify;\"><strong>Chilpancingo, Gro., 19 de noviembre 2021.- <\/strong>La Comisi\u00f3n de Atenci\u00f3n a las Personas con Discapacidad del Congreso del Estado aprob\u00f3 este viernes su Plan de Trabajo 2021-2024, el cual contempla siete objetivos, l\u00edneas tem\u00e1ticas y diversas actividades a desarrollar en busca de la concientizaci\u00f3n y transformaci\u00f3n social, que permita la efectiva inclusi\u00f3n en todos los \u00e1mbitos de este sector vulnerable.<\/p>\n<p style=\"text-align: justify;\">En la reuni\u00f3n desarrollada en la Sala de los Pr\u00f3ceres de M\u00e9xico \u201cJos\u00e9 Francisco Ruiz Massieu\u201d, la diputada presidenta, Gloria Citlali Calixto Jim\u00e9nez; Jes\u00fas Parra Garc\u00eda, secretario, y las vocales Elzy Camacho Pineda, Gabriela Bernal Res\u00e9ndiz y Mar\u00eda Flores Maldonado, externaron que asumen con alto sentido social su responsabilidad de trabajar de manera conjunta con las instancias competentes en favor de las personas con discapacidad, basados en las disposiciones y facultades legales establecidas en la Ley Org\u00e1nica del Poder Legislativo del Estado.<\/p>\n<p style=\"text-align: justify;\">Las y el legislador adelantaron que, aunado al trabajo de dictaminaci\u00f3n de los asuntos que les turne la Mesa Directiva, ser\u00e1n promotores de iniciativas de leyes, decretos y reformas al marco jur\u00eddico existente, para actualizarlo y lograr mejor atenci\u00f3n de las personas con discapacidad.<\/p>\n<p style=\"text-align: justify;\">Dijeron que, adem\u00e1s, ser\u00e1n part\u00edcipes en la implementaci\u00f3n de pol\u00edticas p\u00fablicas por parte del Ejecutivo estatal y dem\u00e1s niveles de gobierno, que contribuyan a la eliminaci\u00f3n de la discriminaci\u00f3n de este sector.<\/p>\n<p style=\"text-align: justify;\">Asimismo, aseguraron que ser\u00e1n generadores de leyes que brinden igualdad de oportunidades y reconocimiento de los derechos de las personas con discapacidad en todos los \u00e1mbitos, y promocionar\u00e1n ante las autoridades competentes programas de adecuaci\u00f3n y remodelaci\u00f3n de la infraestructura urbana que garanticen la libre circulaci\u00f3n, as\u00ed como el impulso de programas de educaci\u00f3n especial y tratamiento de salud, para detectar y prevenir cualquier tipo de discapacidad.<\/p>\n<p style=\"text-align: justify;\">El Plan de Trabajo contempla tambi\u00e9n la realizaci\u00f3n de un diagn\u00f3stico de la situaci\u00f3n que vive este sector, a trav\u00e9s de mesas de trabajo, foros de acercamiento con colectivos de personas con discapacidad, entre otras acciones.<\/p>\n","protected":false},"excerpt":{"rendered":"<p>Chilpancingo, Gro., 19 de noviembre 2021.- La Comisi\u00f3n de Atenci\u00f3n a las Personas con Discapacidad del Congreso del Estado aprob\u00f3 este viernes su Plan de Trabajo 2021-2024, el cual contempla siete objetivos, l\u00edneas tem\u00e1ticas y diversas actividades a desarrollar en busca de la concientizaci\u00f3n y transformaci\u00f3n social, que permita la efectiva inclusi\u00f3n en todos los&#8230;<\/p>\n","protected":false},"author":1,"featured_media":1066,"comment_status":"closed","ping_status":"open","sticky":false,"template":"","format":"standard","meta":{"_monsterinsights_skip_tracking":false,"_monsterinsights_sitenote_active":false,"_monsterinsights_sitenote_note":"","_monsterinsights_sitenote_category":0,"footnotes":""},"categories":[3,21],"tags":[],"class_list":["post-1064","post","type-post","status-publish","format-standard","has-post-thumbnail","hentry","category-boletin","category-gloria-citlali-calixto-jimenez"],"aioseo_notices":[],"_links":{"self":[{"href":"https:\/\/congresogro.gob.mx\/63\/inicio\/wp-json\/wp\/v2\/posts\/1064","targetHints":{"allow":["GET"]}}],"collection":[{"href":"https:\/\/congresogro.gob.mx\/63\/inicio\/wp-json\/wp\/v2\/posts"}],"about":[{"href":"https:\/\/congresogro.gob.mx\/63\/inicio\/wp-json\/wp\/v2\/types\/post"}],"author":[{"embeddable":true,"href":"https:\/\/congresogro.gob.mx\/63\/inicio\/wp-json\/wp\/v2\/users\/1"}],"replies":[{"embeddable":true,"href":"https:\/\/congresogro.gob.mx\/63\/inicio\/wp-json\/wp\/v2\/comments?post=1064"}],"version-history":[{"count":1,"href":"https:\/\/congresogro.gob.mx\/63\/inicio\/wp-json\/wp\/v2\/posts\/1064\/revisions"}],"predecessor-version":[{"id":1067,"href":"https:\/\/congresogro.gob.mx\/63\/inicio\/wp-json\/wp\/v2\/posts\/1064\/revisions\/1067"}],"wp:featuredmedia":[{"embeddable":true,"href":"https:\/\/congresogro.gob.mx\/63\/inicio\/wp-json\/wp\/v2\/media\/1066"}],"wp:attachment":[{"href":"https:\/\/congresogro.gob.mx\/63\/inicio\/wp-json\/wp\/v2\/media?parent=1064"}],"wp:term":[{"taxonomy":"category","embeddable":true,"href":"https:\/\/congresogro.gob.mx\/63\/inicio\/wp-json\/wp\/v2\/categories?post=1064"},{"taxonomy":"post_tag","embeddable":true,"href":"https:\/\/congresogro.gob.mx\/63\/inicio\/wp-json\/wp\/v2\/tags?post=1064"}],"curies":[{"name":"wp","href":"https:\/\/api.w.org\/{rel}","templated":true}]}}