{"id":1056,"date":"2021-11-18T09:24:34","date_gmt":"2021-11-18T15:24:34","guid":{"rendered":"https:\/\/congresogro.gob.mx\/63\/inicio\/?p=1056"},"modified":"2021-11-19T09:25:46","modified_gmt":"2021-11-19T15:25:46","slug":"exhorta-el-congreso-a-la-seg-para-gestionar-la-recategorizacion-de-docentes-con-funciones-directivas","status":"publish","type":"post","link":"https:\/\/congresogro.gob.mx\/63\/inicio\/2021\/11\/18\/exhorta-el-congreso-a-la-seg-para-gestionar-la-recategorizacion-de-docentes-con-funciones-directivas\/","title":{"rendered":"EXHORTA EL CONGRESO A LA SEG PARA GESTIONAR LA RECATEGORIZACI\u00d3N DE DOCENTES CON FUNCIONES DIRECTIVAS"},"content":{"rendered":"<p style=\"text-align: justify;\"><strong>Chilpancingo, Gro., 18 de noviembre de 2021.-<\/strong> El Congreso del Estado exhort\u00f3 al secretario de Educaci\u00f3n en Guerrero, Dr. Marcial Rodr\u00edguez Salda\u00f1a, para que gestione ante instituciones federales la recategorizaci\u00f3n de maestros que desempe\u00f1an funciones directivas y de supervisi\u00f3n, pero que cobran como docentes frente a grupo en los diferentes niveles educativos.<\/p>\n<p style=\"text-align: justify;\">Esto a propuesta del diputado Adolfo Torales Catal\u00e1n, quien en el acuerdo parlamentario expuso que en Guerrero hay una cantidad considerable de maestros quienes dan todo por la ni\u00f1ez y la juventud, y a los que se les debe considerar prestaciones justas y dignas, de acuerdo con su labor.<\/p>\n<p style=\"text-align: justify;\">Adem\u00e1s, consider\u00f3 que una estrategia para alcanzar la calidad educativa es la revalorizaci\u00f3n de la carrera docente, llevando a cabo el proceso de recategorizaci\u00f3n y ascenso, mejor conocido como \u201cpromoci\u00f3n\u201d.<\/p>\n<p style=\"text-align: justify;\">Por esta raz\u00f3n, dijo que la Secretar\u00eda de Educaci\u00f3n en el estado y la federal deben dar prioridad a este asunto e iniciar el proceso que permita a los maestros ascender de categor\u00eda, obteniendo una mejora salarial y, por ende, una mejor calidad de vida.<\/p>\n<p style=\"text-align: justify;\">Y es que -asegur\u00f3- es una constante en Guerrero que docentes, ante la ausencia provisional o definitiva de los directores en las escuelas, cubran como \u201cencargados\u201d las direcciones de las instituciones, tardando a\u00f1os con esa responsabilidad.<\/p>\n<p style=\"text-align: justify;\">Abund\u00f3 que aun cuando cubren los requisitos y el perfil, se les niega la titularidad y, en el peor de los casos, les dejan la doble tarea en aulas y oficinas, en la inteligencia que la clave presupuestal existe, pero no se aplica al no tener titular.<\/p>\n<p style=\"text-align: justify;\">\u201cDesde fechas pasadas se ha tenido conocimiento de que el sindicato de maestros ha demandado la recategorizaci\u00f3n y nivel salarial de profesores que cumplen doble funci\u00f3n, as\u00ed como directivos que fungen como supervisores, y a la fecha no han sido atendidas. Nuestra labor como legisladores es que cualquier proceso de implementaci\u00f3n de pol\u00edticas p\u00fablicas debe caracterizarse por la continuidad, ya sea de sus actores y agentes o de sus acciones esenciales, para el bien de los guerrerenses\u201d, concluy\u00f3.<\/p>\n","protected":false},"excerpt":{"rendered":"<p>Chilpancingo, Gro., 18 de noviembre de 2021.- El Congreso del Estado exhort\u00f3 al secretario de Educaci\u00f3n en Guerrero, Dr. Marcial Rodr\u00edguez Salda\u00f1a, para que gestione ante instituciones federales la recategorizaci\u00f3n de maestros que desempe\u00f1an funciones directivas y de supervisi\u00f3n, pero que cobran como docentes frente a grupo en los diferentes niveles educativos. Esto a propuesta&#8230;<\/p>\n","protected":false},"author":1,"featured_media":1057,"comment_status":"closed","ping_status":"open","sticky":false,"template":"","format":"standard","meta":{"_monsterinsights_skip_tracking":false,"_monsterinsights_sitenote_active":false,"_monsterinsights_sitenote_note":"","_monsterinsights_sitenote_category":0,"footnotes":""},"categories":[37,3],"tags":[],"class_list":["post-1056","post","type-post","status-publish","format-standard","has-post-thumbnail","hentry","category-adolfo-torales-catalan","category-boletin"],"aioseo_notices":[],"_links":{"self":[{"href":"https:\/\/congresogro.gob.mx\/63\/inicio\/wp-json\/wp\/v2\/posts\/1056","targetHints":{"allow":["GET"]}}],"collection":[{"href":"https:\/\/congresogro.gob.mx\/63\/inicio\/wp-json\/wp\/v2\/posts"}],"about":[{"href":"https:\/\/congresogro.gob.mx\/63\/inicio\/wp-json\/wp\/v2\/types\/post"}],"author":[{"embeddable":true,"href":"https:\/\/congresogro.gob.mx\/63\/inicio\/wp-json\/wp\/v2\/users\/1"}],"replies":[{"embeddable":true,"href":"https:\/\/congresogro.gob.mx\/63\/inicio\/wp-json\/wp\/v2\/comments?post=1056"}],"version-history":[{"count":1,"href":"https:\/\/congresogro.gob.mx\/63\/inicio\/wp-json\/wp\/v2\/posts\/1056\/revisions"}],"predecessor-version":[{"id":1058,"href":"https:\/\/congresogro.gob.mx\/63\/inicio\/wp-json\/wp\/v2\/posts\/1056\/revisions\/1058"}],"wp:featuredmedia":[{"embeddable":true,"href":"https:\/\/congresogro.gob.mx\/63\/inicio\/wp-json\/wp\/v2\/media\/1057"}],"wp:attachment":[{"href":"https:\/\/congresogro.gob.mx\/63\/inicio\/wp-json\/wp\/v2\/media?parent=1056"}],"wp:term":[{"taxonomy":"category","embeddable":true,"href":"https:\/\/congresogro.gob.mx\/63\/inicio\/wp-json\/wp\/v2\/categories?post=1056"},{"taxonomy":"post_tag","embeddable":true,"href":"https:\/\/congresogro.gob.mx\/63\/inicio\/wp-json\/wp\/v2\/tags?post=1056"}],"curies":[{"name":"wp","href":"https:\/\/api.w.org\/{rel}","templated":true}]}}