{"id":1053,"date":"2021-11-18T09:22:45","date_gmt":"2021-11-18T15:22:45","guid":{"rendered":"https:\/\/congresogro.gob.mx\/63\/inicio\/?p=1053"},"modified":"2021-11-19T09:24:27","modified_gmt":"2021-11-19T15:24:27","slug":"aprueba-pleno-del-congreso-nuevos-lineamientos-y-medidas-de-prevencion-contra-el-covid-19","status":"publish","type":"post","link":"https:\/\/congresogro.gob.mx\/63\/inicio\/2021\/11\/18\/aprueba-pleno-del-congreso-nuevos-lineamientos-y-medidas-de-prevencion-contra-el-covid-19\/","title":{"rendered":"APRUEBA PLENO DEL CONGRESO NUEVOS LINEAMIENTOS  Y MEDIDAS DE PREVENCI\u00d3N CONTRA EL COVID-19"},"content":{"rendered":"<p style=\"text-align: justify;\"><strong>Chilpancingo, Gro., 18 de noviembre de 2021.-<\/strong> Diputadas y diputados de la LXIII Legislatura aprobaron el acuerdo parlamentario que contempla los lineamientos y medidas de prevenci\u00f3n para el control de contagios de Covid-19, que deber\u00e1n ser observados por servidores p\u00fablicos, trabajadores y visitantes del Poder Legislativo.<\/p>\n<p style=\"text-align: justify;\">Lo anterior a propuesta de las y los diputados integrantes de la Comisi\u00f3n de Salud, quienes se\u00f1alan que dado que no existe medida alguna que por s\u00ed sola detenga o limite la capacidad de transmisi\u00f3n del Covid-19, es necesaria la participaci\u00f3n comprometida de la poblaci\u00f3n para limitar su propagaci\u00f3n.<\/p>\n<p style=\"text-align: justify;\">Refieren, adem\u00e1s, que existen estrategias de protecci\u00f3n de la salud y medidas de higiene que se deben implementar en espacios cerrados para evitar contagios.<\/p>\n<p style=\"text-align: justify;\">En ese sentido, indican que el estar en color verde del Sem\u00e1foro Epidemiol\u00f3gico significa, de acuerdo con los criterios emitidos por la Secretar\u00eda de Salud federal, que en movilidad no hay restricciones, pero para la actividad laboral es importante tomar en cuenta lineamientos t\u00e9cnicos que mitiguen los riesgos.<\/p>\n<p style=\"text-align: justify;\">Dichos lineamientos, de acuerdo con lo establecido en el Diario Oficial de la Federaci\u00f3n el 29 de mayo de 2020, son de aplicaci\u00f3n general para todos los centros de trabajo y tienen por objeto establecer medidas espec\u00edficas que se deber\u00e1n implementar en el marco de la estrategia general para la Nueva Normalidad y un retorno a las actividades laborales.<\/p>\n<p style=\"text-align: justify;\">Tambi\u00e9n se\u00f1alan que se establecer\u00e1n estrategias generales de promoci\u00f3n de la salud y seguridad sanitaria en el entorno laboral, mismas que se deben desarrollar a trav\u00e9s de la promoci\u00f3n y protecci\u00f3n a la salud, sana distancia, control de ingreso-egreso, medidas de prevenci\u00f3n de contagios en el centro laboral y uso de equipo de protecci\u00f3n personal, entre otras.<\/p>\n<p style=\"text-align: justify;\">Por lo anterior, y atendiendo dichos lineamientos aprobados el a\u00f1o pasado, la LXIII Legislatura aprob\u00f3 el acuerdo para remitirlo a la Junta de Coordinaci\u00f3n Pol\u00edtica, para su implementaci\u00f3n.<\/p>\n","protected":false},"excerpt":{"rendered":"<p>Chilpancingo, Gro., 18 de noviembre de 2021.- Diputadas y diputados de la LXIII Legislatura aprobaron el acuerdo parlamentario que contempla los lineamientos y medidas de prevenci\u00f3n para el control de contagios de Covid-19, que deber\u00e1n ser observados por servidores p\u00fablicos, trabajadores y visitantes del Poder Legislativo. Lo anterior a propuesta de las y los diputados&#8230;<\/p>\n","protected":false},"author":1,"featured_media":1054,"comment_status":"closed","ping_status":"open","sticky":false,"template":"","format":"standard","meta":{"_monsterinsights_skip_tracking":false,"_monsterinsights_sitenote_active":false,"_monsterinsights_sitenote_note":"","_monsterinsights_sitenote_category":0,"footnotes":""},"categories":[3],"tags":[],"class_list":["post-1053","post","type-post","status-publish","format-standard","has-post-thumbnail","hentry","category-boletin"],"aioseo_notices":[],"_links":{"self":[{"href":"https:\/\/congresogro.gob.mx\/63\/inicio\/wp-json\/wp\/v2\/posts\/1053","targetHints":{"allow":["GET"]}}],"collection":[{"href":"https:\/\/congresogro.gob.mx\/63\/inicio\/wp-json\/wp\/v2\/posts"}],"about":[{"href":"https:\/\/congresogro.gob.mx\/63\/inicio\/wp-json\/wp\/v2\/types\/post"}],"author":[{"embeddable":true,"href":"https:\/\/congresogro.gob.mx\/63\/inicio\/wp-json\/wp\/v2\/users\/1"}],"replies":[{"embeddable":true,"href":"https:\/\/congresogro.gob.mx\/63\/inicio\/wp-json\/wp\/v2\/comments?post=1053"}],"version-history":[{"count":1,"href":"https:\/\/congresogro.gob.mx\/63\/inicio\/wp-json\/wp\/v2\/posts\/1053\/revisions"}],"predecessor-version":[{"id":1055,"href":"https:\/\/congresogro.gob.mx\/63\/inicio\/wp-json\/wp\/v2\/posts\/1053\/revisions\/1055"}],"wp:featuredmedia":[{"embeddable":true,"href":"https:\/\/congresogro.gob.mx\/63\/inicio\/wp-json\/wp\/v2\/media\/1054"}],"wp:attachment":[{"href":"https:\/\/congresogro.gob.mx\/63\/inicio\/wp-json\/wp\/v2\/media?parent=1053"}],"wp:term":[{"taxonomy":"category","embeddable":true,"href":"https:\/\/congresogro.gob.mx\/63\/inicio\/wp-json\/wp\/v2\/categories?post=1053"},{"taxonomy":"post_tag","embeddable":true,"href":"https:\/\/congresogro.gob.mx\/63\/inicio\/wp-json\/wp\/v2\/tags?post=1053"}],"curies":[{"name":"wp","href":"https:\/\/api.w.org\/{rel}","templated":true}]}}