{"id":1043,"date":"2021-11-17T09:21:23","date_gmt":"2021-11-17T15:21:23","guid":{"rendered":"https:\/\/congresogro.gob.mx\/63\/inicio\/?p=1043"},"modified":"2021-11-18T09:24:51","modified_gmt":"2021-11-18T15:24:51","slug":"colocar-los-derechos-de-las-ninas-y-ninos-sobre-los-usos-y-costumbres-proponen-en-el-congreso-del-estado","status":"publish","type":"post","link":"https:\/\/congresogro.gob.mx\/63\/inicio\/2021\/11\/17\/colocar-los-derechos-de-las-ninas-y-ninos-sobre-los-usos-y-costumbres-proponen-en-el-congreso-del-estado\/","title":{"rendered":"COLOCAR LOS DERECHOS DE LAS NI\u00d1AS Y NI\u00d1OS SOBRE LOS USOS Y COSTUMBRES, PROPONEN EN EL CONGRESO DEL ESTADO"},"content":{"rendered":"<p style=\"text-align: justify;\"><strong>Chilpancingo, Gro., 17 de noviembre de 2021.-<\/strong> Colocar los derechos de las ni\u00f1as y ni\u00f1os por encima de los usos y costumbres, propuso la diputada Paola Ju\u00e1rez G\u00f3mez en una iniciativa de reformas a la Constituci\u00f3n Pol\u00edtica del Estado de Guerrero.<\/p>\n<p style=\"text-align: justify;\">La diputada expuso que la venta de ni\u00f1os, ni\u00f1as y adolescentes con fines de uni\u00f3n matrimonial, a cambio de prebendas econ\u00f3micas o en especie, o la simple uni\u00f3n en matrimonio sin el consentimiento expreso, es una conducta que trastoca todo principio del derecho, de la dignidad humana y, sobre todo, los establecidos y reconocidos por el Estado Mexicano en la Convenci\u00f3n Sobre los Derechos del Ni\u00f1o.<\/p>\n<p style=\"text-align: justify;\">Ju\u00e1rez G\u00f3mez refiere que los matrimonios forzados, la trata, la violencia f\u00edsica y sicol\u00f3gica, el abuso sexual y los feminicidios son situaciones que enfrentan las mujeres por el s\u00f3lo hecho de serlo, pero tambi\u00e9n por el ambiente de desigualdad en que viven, lo que refuerza la desvalorizaci\u00f3n de g\u00e9nero, citando a Claudia Hasanbegovic, doctora en pol\u00edticas sociales.<\/p>\n<p style=\"text-align: justify;\">Hace notar tambi\u00e9n que, aunque las uniones hechas bajo el r\u00e9gimen de usos y costumbres no se registran, el despacho de Consultores en Administraci\u00f3n y Pol\u00edticas Pu\u0301blicas hizo un recuento de matrimonios legales en el Registro Civil de Chiapas durante el 2015, donde contabilizaron 747 actas matrimoniales en que la contrayente ten\u00eda entre 12 y 17 a\u00f1os, pero el primer lugar lo ocup\u00f3 Guerrero, con 795 actas.<\/p>\n<p style=\"text-align: justify;\">Advierte que la Constituci\u00f3n Pol\u00edtica reconoce el derecho de los pueblos y comunidades ind\u00edgenas a la libre determinaci\u00f3n y, en consecuencia, a la autonom\u00eda para aplicar sus propios sistemas normativos; sin embargo, deben respetarse los derechos humanos, y de manera relevante la dignidad e integridad de las mujeres.<\/p>\n<p style=\"text-align: justify;\">Por ello, la legisladora plantea, entre otras cosas, adicionar un p\u00e1rrafo al art\u00edculo 5 de la Constituci\u00f3n donde establece que los derechos de las ni\u00f1as, ni\u00f1os y adolescentes \u201cser\u00e1n preferentes sobre cualquier uso y costumbre; el Estado y la sociedad est\u00e1n obligados a garantizar la protecci\u00f3n de sus derechos, principalmente aquellos que se refieran a su desarrollo personal integral y a la adopci\u00f3n de las medidas que por su condici\u00f3n de persona lo exijan\u201d.<\/p>\n<p style=\"text-align: justify;\">La legisladora concluye que la aplicaci\u00f3n de usos y costumbres no puede estar por encima de cualquier principio sobre la dignidad humana de la persona, y el consentimiento de quien deba unirse en matrimonio, por el simple hecho de ser menor de edad, debe estar regulado por la autoridad y no puede dejarse a simple arbitrio de una comunidad o de las personas en particular.<\/p>\n<p style=\"text-align: justify;\">\n<p style=\"text-align: justify;\"><strong>Intervenciones <\/strong><\/p>\n<p style=\"text-align: justify;\">La diputada <a href=\"https:\/\/www.facebook.com\/Marben.DeLaCruz.S\/?__cft__%5b0%5d=AZWDzkUzyZVw9VgfrltXRDhr4S2_pApKNMciTAOByividWlFV3TfkBJEGOuY0YB-npxEsZToYJIfjOsnhudy2Nr99lK-KS-DtL7l8RzPabkT0yuqyYOtbKYKibgK6t-gSbuCr7FadZofGnOds6t2Lo5J&amp;__tn__=kK-R\">Marben de la Cruz Santiago<\/a> habl\u00f3 sobre el Natalicio de Ignacio Manuel Altamirano y Sor Juana In\u00e9s de la Cruz, en el contexto del D\u00eda Nacional del Libro que se celebra el d\u00eda 12 de noviembre de cada a\u00f1o.<\/p>\n<p style=\"text-align: justify;\">Dijo que este d\u00eda es propicio para recordar que en lugares remotos de Guerrero el acceso a la educaci\u00f3n es limitado, y que el derecho a la educaci\u00f3n y a la lectura es interdependiente del derecho a la alimentaci\u00f3n, pues es bien sabido que aquel que tiene hambre y que no ha visto satisfechas las necesidades m\u00e1s b\u00e1sicas, le ser\u00e1 m\u00e1s complejo nutrir el intelecto.<\/p>\n<p style=\"text-align: justify;\">Por su parte, el diputado Masedonio Mendoza Basurto intervino en torno al regreso a clases presenciales, indicando que de acuerdo con el bolet\u00edn emitido por la Secretar\u00eda de Educaci\u00f3n P\u00fablica, hasta la fecha se han vacunado a dos millones 680 mil 579 personas del sector educativo nacional.<\/p>\n<p style=\"text-align: justify;\">Consider\u00f3 que, sin duda, y siguiendo las medidas sanitarias implementadas, es esencial el retorno a clases, no s\u00f3lo por cuestiones acad\u00e9micas, sino para proteger la salud f\u00edsica y emocional tanto de estudiantes como de docentes.<\/p>\n<p style=\"text-align: justify;\">Tambi\u00e9n hizo un reconocimiento a maestros, padres de familia y tutores que durante la pandemia hicieron un gran esfuerzo para dar continuidad a la ense\u00f1anza de la ni\u00f1ez y la juventud.<\/p>\n<p style=\"text-align: justify;\">En relaci\u00f3n con la aprobaci\u00f3n del Presupuesto de Egresos Federal 2022 por 7.1 billones de pesos, la diputada <a href=\"https:\/\/www.facebook.com\/AliciaZamoraVillalva\/?__cft__%5b0%5d=AZUrLHWORS-v1N4LhsFzqCgyvVaJ6yHtvx4GWePF5uzejkbmX4i-3ShMcTlBa60tJq1n3dtZ3TepJ19tlj1SWL1G991jtUnmwymRDhkYmQTyzuqnBYPFfPWutIWycECUXriN4NU7oKs21NkpDYsXg8Ti&amp;__tn__=kK-R\">Alicia Zamora Villalva<\/a> indic\u00f3 que el aumento en el gasto es superior a los ingresos, lo que implica que se deber\u00e1 echar mano de financiamiento, pues el d\u00e9ficit presupuestario ser\u00e1 de m\u00e1s 875 mil millones de pesos, de acuerdo con especialistas.<\/p>\n<p style=\"text-align: justify;\">Reconoci\u00f3 que, sin duda, en el marco de la recuperaci\u00f3n econ\u00f3mica tras la pandemia, el invertir en el rubro social es un tema prioritario, para que se atiendan las necesidades reales de la poblaci\u00f3n; sin embargo, dijo que no se propone ning\u00fan programa para la reactivaci\u00f3n econ\u00f3mica.<\/p>\n<p style=\"text-align: justify;\">Intervinieron con relaci\u00f3n al tema del Presupuesto 2022 los diputados <a href=\"https:\/\/www.facebook.com\/AlfredoSanchezE\/?__cft__%5b0%5d=AZUrLHWORS-v1N4LhsFzqCgyvVaJ6yHtvx4GWePF5uzejkbmX4i-3ShMcTlBa60tJq1n3dtZ3TepJ19tlj1SWL1G991jtUnmwymRDhkYmQTyzuqnBYPFfPWutIWycECUXriN4NU7oKs21NkpDYsXg8Ti&amp;__tn__=kK-R\">Alfredo S\u00e1nchez Esquivel<\/a>, <a href=\"https:\/\/www.facebook.com\/bernardo.ortegajimenez.3?__cft__%5b0%5d=AZUrLHWORS-v1N4LhsFzqCgyvVaJ6yHtvx4GWePF5uzejkbmX4i-3ShMcTlBa60tJq1n3dtZ3TepJ19tlj1SWL1G991jtUnmwymRDhkYmQTyzuqnBYPFfPWutIWycECUXriN4NU7oKs21NkpDYsXg8Ti&amp;__tn__=-%5dK-R\">Bernardo Ortega Jim\u00e9nez<\/a> y <a href=\"https:\/\/www.facebook.com\/SoyJackoBadillo\/?__cft__%5b0%5d=AZUrLHWORS-v1N4LhsFzqCgyvVaJ6yHtvx4GWePF5uzejkbmX4i-3ShMcTlBa60tJq1n3dtZ3TepJ19tlj1SWL1G991jtUnmwymRDhkYmQTyzuqnBYPFfPWutIWycECUXriN4NU7oKs21NkpDYsXg8Ti&amp;__tn__=kK-R\">Joaqu\u00edn Badillo<\/a> Escamilla.<\/p>\n","protected":false},"excerpt":{"rendered":"<p>Chilpancingo, Gro., 17 de noviembre de 2021.- Colocar los derechos de las ni\u00f1as y ni\u00f1os por encima de los usos y costumbres, propuso la diputada Paola Ju\u00e1rez G\u00f3mez en una iniciativa de reformas a la Constituci\u00f3n Pol\u00edtica del Estado de Guerrero. La diputada expuso que la venta de ni\u00f1os, ni\u00f1as y adolescentes con fines de&#8230;<\/p>\n","protected":false},"author":1,"featured_media":1044,"comment_status":"closed","ping_status":"open","sticky":false,"template":"","format":"standard","meta":{"_monsterinsights_skip_tracking":false,"_monsterinsights_sitenote_active":false,"_monsterinsights_sitenote_note":"","_monsterinsights_sitenote_category":0,"footnotes":""},"categories":[3,23],"tags":[],"class_list":["post-1043","post","type-post","status-publish","format-standard","has-post-thumbnail","hentry","category-boletin","category-susana-paola-juarez-gomez"],"aioseo_notices":[],"_links":{"self":[{"href":"https:\/\/congresogro.gob.mx\/63\/inicio\/wp-json\/wp\/v2\/posts\/1043","targetHints":{"allow":["GET"]}}],"collection":[{"href":"https:\/\/congresogro.gob.mx\/63\/inicio\/wp-json\/wp\/v2\/posts"}],"about":[{"href":"https:\/\/congresogro.gob.mx\/63\/inicio\/wp-json\/wp\/v2\/types\/post"}],"author":[{"embeddable":true,"href":"https:\/\/congresogro.gob.mx\/63\/inicio\/wp-json\/wp\/v2\/users\/1"}],"replies":[{"embeddable":true,"href":"https:\/\/congresogro.gob.mx\/63\/inicio\/wp-json\/wp\/v2\/comments?post=1043"}],"version-history":[{"count":1,"href":"https:\/\/congresogro.gob.mx\/63\/inicio\/wp-json\/wp\/v2\/posts\/1043\/revisions"}],"predecessor-version":[{"id":1045,"href":"https:\/\/congresogro.gob.mx\/63\/inicio\/wp-json\/wp\/v2\/posts\/1043\/revisions\/1045"}],"wp:featuredmedia":[{"embeddable":true,"href":"https:\/\/congresogro.gob.mx\/63\/inicio\/wp-json\/wp\/v2\/media\/1044"}],"wp:attachment":[{"href":"https:\/\/congresogro.gob.mx\/63\/inicio\/wp-json\/wp\/v2\/media?parent=1043"}],"wp:term":[{"taxonomy":"category","embeddable":true,"href":"https:\/\/congresogro.gob.mx\/63\/inicio\/wp-json\/wp\/v2\/categories?post=1043"},{"taxonomy":"post_tag","embeddable":true,"href":"https:\/\/congresogro.gob.mx\/63\/inicio\/wp-json\/wp\/v2\/tags?post=1043"}],"curies":[{"name":"wp","href":"https:\/\/api.w.org\/{rel}","templated":true}]}}