{"id":1040,"date":"2021-11-17T09:17:45","date_gmt":"2021-11-17T15:17:45","guid":{"rendered":"https:\/\/congresogro.gob.mx\/63\/inicio\/?p=1040"},"modified":"2021-11-23T21:19:45","modified_gmt":"2021-11-24T03:19:45","slug":"presentan-reforma-a-la-ley-organica-del-municipio-libre-para-coadyuvar-en-el-combate-a-la-corrupcion","status":"publish","type":"post","link":"https:\/\/congresogro.gob.mx\/63\/inicio\/2021\/11\/17\/presentan-reforma-a-la-ley-organica-del-municipio-libre-para-coadyuvar-en-el-combate-a-la-corrupcion\/","title":{"rendered":"PRESENTAN REFORMA A LA LEY ORG\u00c1NICA DEL MUNICIPIO  LIBRE PARA COADYUVAR EN EL COMBATE A LA CORRUPCI\u00d3N"},"content":{"rendered":"<p style=\"text-align: justify;\"><strong>Chilpancingo, Gro., 17 de noviembre de 2021.-<\/strong> Para contribuir en el combate a la corrupci\u00f3n, mediante la asignaci\u00f3n, distribuci\u00f3n y aplicaci\u00f3n eficiente, eficaz y transparente de los recursos p\u00fablicos, el diputado Jos\u00e9 Efr\u00e9n L\u00f3pez Cort\u00e9s present\u00f3 una iniciativa de reforma a la Ley Org\u00e1nica del Municipio Libre del Estado de Guerrero.<\/p>\n<p style=\"text-align: justify;\">El legislador plantea armonizar la Ley Org\u00e1nica del Municipio Libre con lo establecido en la Constituci\u00f3n Pol\u00edtica local y la Ley Org\u00e1nica del Poder Legislativo del Estado respecto de las denominaciones del \u00f3rgano de fiscalizaci\u00f3n superior del Congreso conocido como Auditor\u00eda Superior del Estado, y de las Secretar\u00edas de Desarrollo y Bienestar Social y de Contralor\u00eda y Transparencia Gubernamental del Ejecutivo estatal.<\/p>\n<p style=\"text-align: justify;\">Al presentar su iniciativa, el legislador extern\u00f3 que los guerrerenses tienen el derecho de exigir a sus autoridades estatales y municipales la rendici\u00f3n de cuentas de manera oportuna sobre la aplicaci\u00f3n de los recursos p\u00fablicos cuyo ejercicio y aplicaci\u00f3n se les confiere con motivo del cargo desempe\u00f1ado, ajustando en todo tiempo y momento sus actos a los principios de transparencia y legalidad.<\/p>\n<p style=\"text-align: justify;\">En ese sentido, asegur\u00f3 que para garantizar el manejo transparente de los recursos p\u00fablicos es necesario establecer y promover acciones que fortalezcan la transparencia, rendici\u00f3n de cuentas, legalidad y combate a la corrupci\u00f3n, as\u00ed como acciones que impulsen una verdadera cultura \u00e9tica y de servicio a la sociedad entre los servidores p\u00fablicos.<\/p>\n<p style=\"text-align: justify;\">Indic\u00f3 que despu\u00e9s de que el a\u00f1o pasado se aprobaran reformas para actualizar la denominaci\u00f3n de las secretar\u00edas de Desarrollo y Bienestar Social y de Contralor\u00eda y Transparencia Gubernamental, es necesario modificar la Ley Org\u00e1nica del Municipio Libre del Estado de Guerrero para hacer estas adecuaciones, as\u00ed como la de Auditor\u00eda Superior del Estado, como se contempla en la Constituci\u00f3n Pol\u00edtica del estado.<\/p>\n<p style=\"text-align: justify;\"><strong>Intervenciones <\/strong><\/p>\n<p style=\"text-align: justify;\">La diputada <a href=\"https:\/\/www.facebook.com\/jessicaivette.alejorayo?__cft__%5b0%5d=AZWosf29HIoOmZ-mjWa-cKjtnZuAnMowzEzAu91DXzS4cGOuttwS3rHD0UcBpT_LcP1k-Xa12zOuGSDukBPqb6Q4mzCAcpHASiI6VrDWE8_YDNpgl7D4ieU4JFvR1qKZI_WRTR66vZ1erPxw-dYzr9_p&amp;__tn__=-%5dK-R\">Jessica Ivette Alejo Rayo<\/a> particip\u00f3 en relaci\u00f3n al D\u00eda Mundial de la Diabetes. Dijo que dicha enfermedad cr\u00f3nica se est\u00e1 convirtiendo en la epidemia del siglo XXI y es un reto de salud global, ya que se estima que 463 millones de personas viven con este mal en el mundo, donde M\u00e9xico ocupa el sexto lugar.<\/p>\n<p style=\"text-align: justify;\">Por lo anterior, hizo un llamado a la Secretar\u00eda de Salud en la entidad para implementar pol\u00edticas p\u00fablicas relativas a la prevenci\u00f3n y el combate de esta grave enfermedad.<\/p>\n<p style=\"text-align: justify;\">En el mismo tema, la diputada Jennyfer Garc\u00eda Lucena dijo que este mal que afecta principalmente a los pa\u00edses en v\u00edas de desarrollo se ha duplicado en las \u00faltimas tres d\u00e9cadas, a lo que se suma la baja informaci\u00f3n sobre el tema, lo que eleva la tasa de mortalidad, ante la falta de atenci\u00f3n m\u00e9dica oportuna.<\/p>\n<p style=\"text-align: justify;\">Enfatiz\u00f3 que la salud p\u00fablica es un derecho humano y debe ser una tarea primordial en las pol\u00edticas p\u00fablicas de los entes gubernamentales, garantizando la atenci\u00f3n y prevenci\u00f3n, as\u00ed como la entrega de medicamentos.<\/p>\n<p style=\"text-align: justify;\">La diputada <a href=\"https:\/\/www.facebook.com\/Marben.DeLaCruz.S\/?__cft__%5b0%5d=AZVljg7Pyh9Z-8pdwP5mLiHJBvvblE0zqpxAv796YiIZN5xo5093CJgYycebdDaKOD3-rKtS_5x-wNBTPIL3IvGNHO_oLSKG452o4OhRZ4DiYZvLEiNhq0-ZdyDooJgsVN5HNCs950cUFSwnrPqABRvZ&amp;__tn__=kK-R\">Marben de la Cruz Santiago<\/a> particip\u00f3 con el tema \u00abCovid-19, la Influenza estacionaria y la diabetes como un tema de atenci\u00f3n prioritaria para las comunidades ind\u00edgenas y afromexicanas\u00bb. Confi\u00f3 que de su exposici\u00f3n en tribuna se haga eco en las instituciones correspondientes y en la misma poblaci\u00f3n para hacer conciencia de lo grave que puede ser cualquiera de estas enfermedades, y el alto \u00edndice de mortalidad que resulta cuando ambas persisten en una persona.<\/p>\n<p style=\"text-align: justify;\">Por ello, convoc\u00f3 a la poblaci\u00f3n a combatir juntos la diabetes, la influenza y el Covid-19, mediante una atenci\u00f3n preventiva, oportuna y eficiente.<\/p>\n<p style=\"text-align: justify;\">En torno al tema particip\u00f3 el diputado <a href=\"https:\/\/www.facebook.com\/profile.php?id=100058213354831&amp;__cft__%5b0%5d=AZVljg7Pyh9Z-8pdwP5mLiHJBvvblE0zqpxAv796YiIZN5xo5093CJgYycebdDaKOD3-rKtS_5x-wNBTPIL3IvGNHO_oLSKG452o4OhRZ4DiYZvLEiNhq0-ZdyDooJgsVN5HNCs950cUFSwnrPqABRvZ&amp;__tn__=-%5dK-R\">Ociel Hugar Garc\u00eda Trujillo<\/a>, diciendo que es realmente importante alertar a la sociedad sobre la posible cuarta ola de contagios, por lo que conmin\u00f3 a las instancias de gobierno para que emprendan una campa\u00f1a de difusi\u00f3n entre la poblaci\u00f3n, que ayude a estar atentos a los protocolos sanitarios y con eso disminuir el riesgo de rebrote en la pr\u00f3xima temporada vacacional.<\/p>\n<p style=\"text-align: justify;\">Por su parte, la diputada <a href=\"https:\/\/www.facebook.com\/jessicaivette.alejorayo?__cft__%5b0%5d=AZWiJ8AWRxAGCIg5hNuup1ZtSDzftGnGUWwd8HjyQqqvsVDafbXE-RO92uObU925tTeD9HOpVw-eBGzFSk5mEFVlCDsyOMyPLewgCP2RNVm7gb4KuHHswzzj-Q2zSR54Q0jDt4-lIuTubpkRGRCmGd8X&amp;__tn__=-%5dK-R\">Jessica Ivette Alejo Rayo<\/a> habl\u00f3 en relaci\u00f3n con los derechos humanos de las ni\u00f1as del estado. Refiri\u00f3 que los derechos de este sector est\u00e1n protegidos por la Constituci\u00f3n Pol\u00edtica federal, leyes generales y tratados internacionales, y desde el a\u00f1o 2019 se prohibi\u00f3 el matrimonio infantil.<\/p>\n<p style=\"text-align: justify;\">Sin embargo, lament\u00f3 que la dote en municipios de Guerrero se sigue presentando, por lo que consider\u00f3 necesario crear y regular la integraci\u00f3n, organizaci\u00f3n y funcionamiento del Sistema Estatal de Protecci\u00f3n Integral de los Derechos de Ni\u00f1as, Ni\u00f1os y Adolescentes, e hizo un llamado a los tres niveles de gobierno y la sociedad para dejar de lado filiaciones pol\u00edticas o partidistas, y sumarse a la erradicaci\u00f3n de esta problem\u00e1tica.<\/p>\n<p style=\"text-align: justify;\">Sobre el tema, el <a href=\"https:\/\/www.facebook.com\/DipCarlosCruzLopez\/?__cft__%5b0%5d=AZWiJ8AWRxAGCIg5hNuup1ZtSDzftGnGUWwd8HjyQqqvsVDafbXE-RO92uObU925tTeD9HOpVw-eBGzFSk5mEFVlCDsyOMyPLewgCP2RNVm7gb4KuHHswzzj-Q2zSR54Q0jDt4-lIuTubpkRGRCmGd8X&amp;__tn__=kK-R\">diputado Carlos Cruz L\u00f3pez<\/a> refiri\u00f3 que las autoridades estatales han documentado la existencia de venta de mujeres y ni\u00f1as en algunos municipios de Guerrero. Al respecto, dijo que se debe reconocer que el inicio de su erradicaci\u00f3n ha sido producto del trabajo de organizaciones sociales que propugnan por los derechos de este sector de la poblaci\u00f3n, a trav\u00e9s de talleres sobre violencia y sexualidad, muy a pesar de lo cual se siguen dando los matrimonios infantiles.<\/p>\n<p style=\"text-align: justify;\">En ese sentido, consider\u00f3 que no s\u00f3lo se debe atender la problem\u00e1tica con sanciones severas, sino con acciones en las que se involucren los tres niveles de gobierno y la misma sociedad.<\/p>\n","protected":false},"excerpt":{"rendered":"<p>Chilpancingo, Gro., 17 de noviembre de 2021.- Para contribuir en el combate a la corrupci\u00f3n, mediante la asignaci\u00f3n, distribuci\u00f3n y aplicaci\u00f3n eficiente, eficaz y transparente de los recursos p\u00fablicos, el diputado Jos\u00e9 Efr\u00e9n L\u00f3pez Cort\u00e9s present\u00f3 una iniciativa de reforma a la Ley Org\u00e1nica del Municipio Libre del Estado de Guerrero. El legislador plantea armonizar&#8230;<\/p>\n","protected":false},"author":1,"featured_media":1107,"comment_status":"closed","ping_status":"open","sticky":false,"template":"","format":"standard","meta":{"_monsterinsights_skip_tracking":false,"_monsterinsights_sitenote_active":false,"_monsterinsights_sitenote_note":"","_monsterinsights_sitenote_category":0,"footnotes":""},"categories":[3,46],"tags":[],"class_list":["post-1040","post","type-post","status-publish","format-standard","has-post-thumbnail","hentry","category-boletin","category-jose-efren-lopez-cortes"],"aioseo_notices":[],"_links":{"self":[{"href":"https:\/\/congresogro.gob.mx\/63\/inicio\/wp-json\/wp\/v2\/posts\/1040","targetHints":{"allow":["GET"]}}],"collection":[{"href":"https:\/\/congresogro.gob.mx\/63\/inicio\/wp-json\/wp\/v2\/posts"}],"about":[{"href":"https:\/\/congresogro.gob.mx\/63\/inicio\/wp-json\/wp\/v2\/types\/post"}],"author":[{"embeddable":true,"href":"https:\/\/congresogro.gob.mx\/63\/inicio\/wp-json\/wp\/v2\/users\/1"}],"replies":[{"embeddable":true,"href":"https:\/\/congresogro.gob.mx\/63\/inicio\/wp-json\/wp\/v2\/comments?post=1040"}],"version-history":[{"count":2,"href":"https:\/\/congresogro.gob.mx\/63\/inicio\/wp-json\/wp\/v2\/posts\/1040\/revisions"}],"predecessor-version":[{"id":1063,"href":"https:\/\/congresogro.gob.mx\/63\/inicio\/wp-json\/wp\/v2\/posts\/1040\/revisions\/1063"}],"wp:featuredmedia":[{"embeddable":true,"href":"https:\/\/congresogro.gob.mx\/63\/inicio\/wp-json\/wp\/v2\/media\/1107"}],"wp:attachment":[{"href":"https:\/\/congresogro.gob.mx\/63\/inicio\/wp-json\/wp\/v2\/media?parent=1040"}],"wp:term":[{"taxonomy":"category","embeddable":true,"href":"https:\/\/congresogro.gob.mx\/63\/inicio\/wp-json\/wp\/v2\/categories?post=1040"},{"taxonomy":"post_tag","embeddable":true,"href":"https:\/\/congresogro.gob.mx\/63\/inicio\/wp-json\/wp\/v2\/tags?post=1040"}],"curies":[{"name":"wp","href":"https:\/\/api.w.org\/{rel}","templated":true}]}}