{"id":1037,"date":"2021-11-17T09:15:21","date_gmt":"2021-11-17T15:15:21","guid":{"rendered":"https:\/\/congresogro.gob.mx\/63\/inicio\/?p=1037"},"modified":"2021-11-18T09:17:19","modified_gmt":"2021-11-18T15:17:19","slug":"proponen-sancionar-a-jefes-que-omitan-quejas-sobre-hostigamiento-o-acoso-en-los-centros-de-trabajo","status":"publish","type":"post","link":"https:\/\/congresogro.gob.mx\/63\/inicio\/2021\/11\/17\/proponen-sancionar-a-jefes-que-omitan-quejas-sobre-hostigamiento-o-acoso-en-los-centros-de-trabajo\/","title":{"rendered":"PROPONEN SANCIONAR A JEFES QUE OMITAN QUEJAS SOBRE HOSTIGAMIENTO O ACOSO EN LOS CENTROS DE TRABAJO"},"content":{"rendered":"<p style=\"text-align: justify;\"><strong>Chilpancingo, Gro., 17 de noviembre de 2021.-<\/strong> La diputada Ana Lenis Res\u00e9ndiz Javier propuso reformar la Ley de Acceso de las Mujeres a una Vida Libre de Violencia del Estado, para implementar sanciones administrativas a los superiores jer\u00e1rquicos que sean omisos de recibir y dar curso a las quejas sobre hostigamiento o acoso sexual en los centros de trabajo.<\/p>\n<p style=\"text-align: justify;\">En la iniciativa que se turn\u00f3 a la Comisi\u00f3n Para la Igualdad de G\u00e9nero, la legisladora expone que el acoso laboral constituye una violaci\u00f3n a los derechos humanos de las personas; por eso es prioridad reconocer e identificar este tipo de conductas que afectan la dignidad humana, a fin de prevenirlas y erradicarlas.<\/p>\n<p style=\"text-align: justify;\">Indic\u00f3 que este comportamiento suele manifestarse de diversas maneras, como burlas o bromas pesadas; degradaci\u00f3n, intimidaci\u00f3n, humillaciones o carga excesiva de trabajo, hasta las agresiones f\u00edsicas o sexuales, mismas que provienen generalmente de jefes a subordinados, y donde las mujeres suelen ser las m\u00e1s vulnerables.<\/p>\n<p style=\"text-align: justify;\">Agreg\u00f3 que en M\u00e9xico la violencia y el acoso laboral tienen profundas afectaciones en las vidas de las personas trabajadoras, sobre todo de mujeres y otros grupos en situaci\u00f3n de vulnerabilidad. En ese sentido, la diputada considera necesario propiciar normas que promuevan el bienestar de la sociedad en los diferentes \u00e1mbitos.<\/p>\n<p style=\"text-align: justify;\">La legisladora propone tambi\u00e9n promover, dentro de las competencias en materia de acceso de las mujeres a una vida libre de violencia, la realizaci\u00f3n de capacitaciones, talleres y cursos dirigidos a la prevenci\u00f3n de la violencia laboral en contra de este sector, para identificar las conductas inadecuadas, erradicarlas y hacer efectiva la igualdad de oportunidades en el \u00e1mbito laboral.<\/p>\n<p style=\"text-align: justify;\"><strong>\u00a0<\/strong><\/p>\n<p style=\"text-align: justify;\"><strong>Acuerdos <\/strong><\/p>\n<p style=\"text-align: justify;\">En la misma sesi\u00f3n, se aprob\u00f3 un punto de acuerdo suscrito por diputadas y diputados de la Comisi\u00f3n de Salud para remitir a la Junta de Coordinaci\u00f3n Pol\u00edtica la propuesta de lineamientos y medidas de prevenci\u00f3n para el control de contagios por Covid-19, que deber\u00e1n observar las y los servidores p\u00fablicos, trabajadores y visitantes del Congreso, mismos que se seguir\u00e1n en conjunto con las medidas de prevenci\u00f3n establecidas en el 2020.<\/p>\n<p style=\"text-align: justify;\">El diputado Adolfo Torales Catal\u00e1n propuso exhortar al titular de la Secretar\u00eda de Educaci\u00f3n en Guerrero para que gestione ante las instancias federales la recategorizaci\u00f3n de maestros que desempe\u00f1en funciones directivas y de supervisi\u00f3n y que cobran como docentes frente a grupo.<\/p>\n","protected":false},"excerpt":{"rendered":"<p>Chilpancingo, Gro., 17 de noviembre de 2021.- La diputada Ana Lenis Res\u00e9ndiz Javier propuso reformar la Ley de Acceso de las Mujeres a una Vida Libre de Violencia del Estado, para implementar sanciones administrativas a los superiores jer\u00e1rquicos que sean omisos de recibir y dar curso a las quejas sobre hostigamiento o acoso sexual en&#8230;<\/p>\n","protected":false},"author":1,"featured_media":1038,"comment_status":"closed","ping_status":"open","sticky":false,"template":"","format":"standard","meta":{"_monsterinsights_skip_tracking":false,"_monsterinsights_sitenote_active":false,"_monsterinsights_sitenote_note":"","_monsterinsights_sitenote_category":0,"footnotes":""},"categories":[45,3],"tags":[],"class_list":["post-1037","post","type-post","status-publish","format-standard","has-post-thumbnail","hentry","category-ana-lenis-resendiz-javier","category-boletin"],"aioseo_notices":[],"_links":{"self":[{"href":"https:\/\/congresogro.gob.mx\/63\/inicio\/wp-json\/wp\/v2\/posts\/1037","targetHints":{"allow":["GET"]}}],"collection":[{"href":"https:\/\/congresogro.gob.mx\/63\/inicio\/wp-json\/wp\/v2\/posts"}],"about":[{"href":"https:\/\/congresogro.gob.mx\/63\/inicio\/wp-json\/wp\/v2\/types\/post"}],"author":[{"embeddable":true,"href":"https:\/\/congresogro.gob.mx\/63\/inicio\/wp-json\/wp\/v2\/users\/1"}],"replies":[{"embeddable":true,"href":"https:\/\/congresogro.gob.mx\/63\/inicio\/wp-json\/wp\/v2\/comments?post=1037"}],"version-history":[{"count":1,"href":"https:\/\/congresogro.gob.mx\/63\/inicio\/wp-json\/wp\/v2\/posts\/1037\/revisions"}],"predecessor-version":[{"id":1039,"href":"https:\/\/congresogro.gob.mx\/63\/inicio\/wp-json\/wp\/v2\/posts\/1037\/revisions\/1039"}],"wp:featuredmedia":[{"embeddable":true,"href":"https:\/\/congresogro.gob.mx\/63\/inicio\/wp-json\/wp\/v2\/media\/1038"}],"wp:attachment":[{"href":"https:\/\/congresogro.gob.mx\/63\/inicio\/wp-json\/wp\/v2\/media?parent=1037"}],"wp:term":[{"taxonomy":"category","embeddable":true,"href":"https:\/\/congresogro.gob.mx\/63\/inicio\/wp-json\/wp\/v2\/categories?post=1037"},{"taxonomy":"post_tag","embeddable":true,"href":"https:\/\/congresogro.gob.mx\/63\/inicio\/wp-json\/wp\/v2\/tags?post=1037"}],"curies":[{"name":"wp","href":"https:\/\/api.w.org\/{rel}","templated":true}]}}