{"id":1034,"date":"2021-11-17T09:12:59","date_gmt":"2021-11-17T15:12:59","guid":{"rendered":"https:\/\/congresogro.gob.mx\/63\/inicio\/?p=1034"},"modified":"2024-04-05T09:42:35","modified_gmt":"2024-04-05T15:42:35","slug":"plantean-ley-de-seguridad-integral-escolar-ante-aumento-de-la-incidencia-de-acoso","status":"publish","type":"post","link":"https:\/\/congresogro.gob.mx\/63\/inicio\/2021\/11\/17\/plantean-ley-de-seguridad-integral-escolar-ante-aumento-de-la-incidencia-de-acoso\/","title":{"rendered":"PLANTEAN LEY DE SEGURIDAD INTEGRAL ESCOLAR, ANTE AUMENTO DE LA INCIDENCIA DE ACOSO"},"content":{"rendered":"<p style=\"text-align: justify;\"><strong>Chilpancingo, Gro., 17 de noviembre de 2021.-<\/strong> Debido a que M\u00e9xico ocupa el primer lugar mundial en incidencia de acoso escolar, la diputada Leticia Mosso Hern\u00e1ndez propuso una iniciativa de Ley de Seguridad Integral Escolar del Estado de Guerrero, para establecer facultades, atribuciones y obligaciones de autoridades e integrantes de la comunidad escolar que coadyuven a la prevenci\u00f3n, detecci\u00f3n, atenci\u00f3n y soluci\u00f3n de este tipo de violencia.<\/p>\n<p style=\"text-align: justify;\">En la sesi\u00f3n de este mi\u00e9rcoles, la legisladora destac\u00f3 que, de acuerdo con informaci\u00f3n de la Comisi\u00f3n de Derechos Humanos local, Guerrero ocupa el lugar 18 a nivel nacional de casos de acoso escolar, lo que demuestra que las normas que regulan el sistema educativo fueron rebasadas por la violencia dentro de las instituciones educativas.<\/p>\n<p style=\"text-align: justify;\">Por lo anterior, precis\u00f3 que es necesario que en la entidad se cuente con un ordenamiento jur\u00eddico que regule este fen\u00f3meno y tutele los derechos de la ni\u00f1ez y la adolescencia dentro de las escuelas, ya que siete de cada diez menores han sufrido alg\u00fan tipo de violencia.<\/p>\n<p style=\"text-align: justify;\">Adem\u00e1s, esta Ley permitir\u00e1 establecer principios, mecanismos, programas y lineamientos para prevenir, detectar, atender y solucionar casos de violencia y garantizar dentro del entorno educativo el pleno respeto a los derechos humanos, promoviendo una convivencia pac\u00edfica.<\/p>\n<p style=\"text-align: justify;\">Refiri\u00f3 que esta Ley est\u00e1 basada en temas de capacitaci\u00f3n y conciliaci\u00f3n para salvaguardar la paz y la armon\u00eda en las escuelas, lo que motivar\u00e1 a contar con una mejor calidad educativa<strong>.<\/strong><\/p>\n<p style=\"text-align: justify;\">Dicha iniciativa se turn\u00f3 a la Comisi\u00f3n de Educaci\u00f3n, Ciencia y Tecnolog\u00eda para su an\u00e1lisis y emisi\u00f3n del dictamen correspondiente.<\/p>\n<p style=\"text-align: justify;\"><strong>\u00a0<\/strong><\/p>\n<p style=\"text-align: justify;\"><strong>Iniciativas <\/strong><\/p>\n<p style=\"text-align: justify;\">Para garantizar que los usos y costumbres de las comunidades ind\u00edgenas y de la sociedad en general no socaven, limiten o violen los derechos humanos de las mujeres, y para erradicar cualquier pr\u00e1ctica basada en tradiciones, usos o costumbres que tenga como resultado final la venta de ni\u00f1as con fines de matrimonio forzado o cualquier otra actividad denigrante o il\u00edcita, la diputada Julieta Fern\u00e1ndez M\u00e1rquez present\u00f3 una iniciativa de reforma a la Ley de Acceso de las Mujeres a una Vida Libre de Violencia del Estado.<\/p>\n<p style=\"text-align: justify;\">El diputado Jos\u00e9 Efr\u00e9n L\u00f3pez Cort\u00e9s propuso reformar la Ley Org\u00e1nica del Municipio Libre del Estado para contribuir en el combate a la corrupci\u00f3n, armonizando este ordenamiento con la Constituci\u00f3n Pol\u00edtica local y la Ley Org\u00e1nica del Poder Legislativo, sobre las denominaciones del \u00f3rgano de fiscalizaci\u00f3n superior del Congreso conocido como Auditor\u00eda Superior del Estado y las secretar\u00edas de Desarrollo y Bienestar Social y de Contralor\u00eda y Transparencia Gubernamental estatales.<\/p>\n<p style=\"text-align: justify;\">Tambi\u00e9n propone que los ayuntamientos ajusten su Presupuesto de Egresos con base a sus ingresos, sin caer en excesos, para proteger la Hacienda P\u00fablica Municipal.<\/p>\n<p style=\"text-align: justify;\">Con el objeto de que sea un requisito que los abogados o abogadas representantes en casos de juicio laboral cuenten con t\u00edtulo y c\u00e9dula profesional en el libro de gobierno que llevar\u00e1 para tales efectos el Tribunal de Conciliaci\u00f3n y Arbitraje, el diputado Manuel Qui\u00f1\u00f3nez Cort\u00e9s present\u00f3 una iniciativa de reforma a la Ley Estatuto de los Trabajadores al Servicio del Estado, de los Municipios y de los Organismos P\u00fablicos Coordinados y Descentralizados del Estado.<\/p>\n<p style=\"text-align: justify;\">Por su parte, el diputado Osbaldo R\u00edos Manrique propuso adicionar la Ley Org\u00e1nica del Poder Legislativo para crear la Unidad de Archivo dentro de la estructura org\u00e1nica del Congreso del Estado.<\/p>\n<p style=\"text-align: justify;\">Mientras que el diputado Bernardo Ortega Jim\u00e9nez plante\u00f3 adicionar la Ley Org\u00e1nica de la Fiscal\u00eda General del Estado para crear una Agencia del Ministerio P\u00fablico adscrita a la Comisi\u00f3n de los Derechos Humanos del Estado, que conozca e investigue delitos relacionados con la violaci\u00f3n a los derechos humanos cometidos por servidores p\u00fablicos.<\/p>\n<p><em>Conozca adem\u00e1s:<\/em><\/p>\n<p><em><a href=\"https:\/\/congresogro.gob.mx\/legislacion\/ordinarias\/ARCHI\/LEY-PARA-LA-PROMOCION-DE-LA-CONVIVENCIA-LIBRE-DE-VIOLENCIA-EN-EL-ENTORNO-ESCOLAR-DEL-ESTADO-DE-GUERRERO-1256-2021-03-10.pdf\" target=\"_blank\" rel=\"noopener\">LEY N\u00daMERO 1256 PARA LA PROMOCI\u00d3N DE LA CONVIVENCIA LIBRE DE VIOLENCIA EN EL ENTORNO ESCOLAR DEL ESTADO DE GUERRERO<\/a><\/em><\/p>\n","protected":false},"excerpt":{"rendered":"<p>Chilpancingo, Gro., 17 de noviembre de 2021.- Debido a que M\u00e9xico ocupa el primer lugar mundial en incidencia de acoso escolar, la diputada Leticia Mosso Hern\u00e1ndez propuso una iniciativa de Ley de Seguridad Integral Escolar del Estado de Guerrero, para establecer facultades, atribuciones y obligaciones de autoridades e integrantes de la comunidad escolar que coadyuven&#8230;<\/p>\n","protected":false},"author":1,"featured_media":1035,"comment_status":"closed","ping_status":"open","sticky":false,"template":"","format":"standard","meta":{"_monsterinsights_skip_tracking":false,"_monsterinsights_sitenote_active":false,"_monsterinsights_sitenote_note":"","_monsterinsights_sitenote_category":0,"footnotes":""},"categories":[3,30],"tags":[90,89,87,88,91],"class_list":["post-1034","post","type-post","status-publish","format-standard","has-post-thumbnail","hentry","category-boletin","category-leticia-mosso-hernandez","tag-acoso","tag-escolar","tag-ley","tag-seguridad","tag-violencia"],"aioseo_notices":[],"_links":{"self":[{"href":"https:\/\/congresogro.gob.mx\/63\/inicio\/wp-json\/wp\/v2\/posts\/1034","targetHints":{"allow":["GET"]}}],"collection":[{"href":"https:\/\/congresogro.gob.mx\/63\/inicio\/wp-json\/wp\/v2\/posts"}],"about":[{"href":"https:\/\/congresogro.gob.mx\/63\/inicio\/wp-json\/wp\/v2\/types\/post"}],"author":[{"embeddable":true,"href":"https:\/\/congresogro.gob.mx\/63\/inicio\/wp-json\/wp\/v2\/users\/1"}],"replies":[{"embeddable":true,"href":"https:\/\/congresogro.gob.mx\/63\/inicio\/wp-json\/wp\/v2\/comments?post=1034"}],"version-history":[{"count":3,"href":"https:\/\/congresogro.gob.mx\/63\/inicio\/wp-json\/wp\/v2\/posts\/1034\/revisions"}],"predecessor-version":[{"id":9351,"href":"https:\/\/congresogro.gob.mx\/63\/inicio\/wp-json\/wp\/v2\/posts\/1034\/revisions\/9351"}],"wp:featuredmedia":[{"embeddable":true,"href":"https:\/\/congresogro.gob.mx\/63\/inicio\/wp-json\/wp\/v2\/media\/1035"}],"wp:attachment":[{"href":"https:\/\/congresogro.gob.mx\/63\/inicio\/wp-json\/wp\/v2\/media?parent=1034"}],"wp:term":[{"taxonomy":"category","embeddable":true,"href":"https:\/\/congresogro.gob.mx\/63\/inicio\/wp-json\/wp\/v2\/categories?post=1034"},{"taxonomy":"post_tag","embeddable":true,"href":"https:\/\/congresogro.gob.mx\/63\/inicio\/wp-json\/wp\/v2\/tags?post=1034"}],"curies":[{"name":"wp","href":"https:\/\/api.w.org\/{rel}","templated":true}]}}